{"id":4704,"date":"2025-09-05T14:09:17","date_gmt":"2025-09-05T18:09:17","guid":{"rendered":"https:\/\/tourismcan.ca\/?p=4704"},"modified":"2025-09-05T14:18:33","modified_gmt":"2025-09-05T18:18:33","slug":"elementor-4704","status":"publish","type":"post","link":"https:\/\/tourismcan.ca\/fr\/elementor-4704\/","title":{"rendered":"L\u2019AITC appuie les nouvelles mesures du gouvernement du Canada visant \u00e0 contrer les tarifs am\u00e9ricains et \u00e0 renforcer notre \u00e9conomie."},"content":{"rendered":"<div data-elementor-type=\"wp-post\" data-elementor-id=\"4704\" class=\"elementor elementor-4704\" data-elementor-post-type=\"post\">\n\t\t\t\t<div class=\"elementor-element elementor-element-04ce941 e-flex e-con-boxed e-con e-parent\" data-id=\"04ce941\" data-element_type=\"container\" data-e-type=\"container\">\n\t\t\t\t\t<div class=\"e-con-inner\">\n\t\t\t\t<div class=\"elementor-element elementor-element-0270657 elementor-widget elementor-widget-text-editor\" data-id=\"0270657\" data-element_type=\"widget\" data-e-type=\"widget\" data-widget_type=\"text-editor.default\">\n\t\t\t\t<div class=\"elementor-widget-container\">\n\t\t\t\t\t\t\t\t\t<p>L\u2019Association de l\u2019industrie touristique du Canada appuie les nouvelles mesures du gouvernement du Canada visant \u00e0 contrer les tarifs am\u00e9ricains et \u00e0 renforcer notre \u00e9conomie.<\/p><p>Ces initiatives repr\u00e9sentent un pas positif pour le secteur du tourisme, en aidant les petites entreprises \u00e0 demeurer r\u00e9silientes, en prot\u00e9geant les emplois dans nos collectivit\u00e9s et en jetant des bases plus solides pour la croissance \u00e0 l\u2019\u00e9chelle du pays.<\/p><p>L\u2019AITC salue les efforts qui prot\u00e8gent notre industrie et qui permettent aux exploitants touristiques de prosp\u00e9rer dans un contexte mondial en rapide \u00e9volution.<\/p>\t\t\t\t\t\t\t\t<\/div>\n\t\t\t\t<\/div>\n\t\t\t\t<div class=\"elementor-element elementor-element-27b1b7b elementor-widget elementor-widget-heading\" data-id=\"27b1b7b\" data-element_type=\"widget\" data-e-type=\"widget\" data-widget_type=\"heading.default\">\n\t\t\t\t<div class=\"elementor-widget-container\">\n\t\t\t\t\t<h4 class=\"elementor-heading-title elementor-size-default\">Ressources suppl\u00e9mentaires<\/h4>\t\t\t\t<\/div>\n\t\t\t\t<\/div>\n\t\t\t\t<div class=\"elementor-element elementor-element-9a5c71b elementor-widget elementor-widget-text-editor\" data-id=\"9a5c71b\" data-element_type=\"widget\" data-e-type=\"widget\" data-no-translation=\"\" data-widget_type=\"text-editor.default\">\n\t\t\t\t<div class=\"elementor-widget-container\">\n\t\t\t\t\t<style>.elementor-element-9a5c71b{display:none !important}<\/style>\t\t\t\t<\/div>\n\t\t\t\t<\/div>\n\t\t\t\t<div class=\"elementor-element elementor-element-961080c elementor-widget elementor-widget-text-editor\" data-id=\"961080c\" data-element_type=\"widget\" data-e-type=\"widget\" data-no-translation=\"\" data-widget_type=\"text-editor.default\">\n\t\t\t\t<div class=\"elementor-widget-container\">\n\t\t\t\t\t\t\t\t\t<p><a href=\"https:\/\/www.pm.gc.ca\/fr\/nouvelles\/communiques\/2025\/09\/05\/premier-ministre-carney-annonce-de-nouvelles-mesures-visant\" rel=\"noopener\">Le premier ministre Carney annonce de nouvelles mesures visant \u00e0 prot\u00e9ger, \u00e0 b\u00e2tir et \u00e0 transformer les industries strat\u00e9giques du Canada<\/a><\/p>\t\t\t\t\t\t\t\t<\/div>\n\t\t\t\t<\/div>\n\t\t\t\t\t<\/div>\n\t\t\t\t<\/div>\n\t\t\t\t<\/div>","protected":false},"excerpt":{"rendered":"<p>The Tourism Industry Association of Canada supports the Government of Canada\u2019s new measures to counter U.S. tariffs and strengthen our economy. These initiatives are a positive step for the tourism sector, helping small businesses remain resilient, safeguarding jobs in our communities, and building a stronger foundation for growth across Canada. TIAC welcomes efforts that protect [&hellip;]<\/p>\n","protected":false},"author":1,"featured_media":0,"comment_status":"closed","ping_status":"closed","sticky":false,"template":"","format":"standard","meta":{"_acf_changed":false,"footnotes":""},"categories":[68],"tags":[],"class_list":["post-4704","post","type-post","status-publish","format-standard","hentry","category-statement"],"acf":[],"_links":{"self":[{"href":"https:\/\/tourismcan.ca\/fr\/wp-json\/wp\/v2\/posts\/4704","targetHints":{"allow":["GET"]}}],"collection":[{"href":"https:\/\/tourismcan.ca\/fr\/wp-json\/wp\/v2\/posts"}],"about":[{"href":"https:\/\/tourismcan.ca\/fr\/wp-json\/wp\/v2\/types\/post"}],"author":[{"embeddable":true,"href":"https:\/\/tourismcan.ca\/fr\/wp-json\/wp\/v2\/users\/1"}],"replies":[{"embeddable":true,"href":"https:\/\/tourismcan.ca\/fr\/wp-json\/wp\/v2\/comments?post=4704"}],"version-history":[{"count":0,"href":"https:\/\/tourismcan.ca\/fr\/wp-json\/wp\/v2\/posts\/4704\/revisions"}],"wp:attachment":[{"href":"https:\/\/tourismcan.ca\/fr\/wp-json\/wp\/v2\/media?parent=4704"}],"wp:term":[{"taxonomy":"category","embeddable":true,"href":"https:\/\/tourismcan.ca\/fr\/wp-json\/wp\/v2\/categories?post=4704"},{"taxonomy":"post_tag","embeddable":true,"href":"https:\/\/tourismcan.ca\/fr\/wp-json\/wp\/v2\/tags?post=4704"}],"curies":[{"name":"wp","href":"https:\/\/api.w.org\/{rel}","templated":true}]}}