{"id":8716,"date":"2025-10-02T14:33:03","date_gmt":"2025-10-02T18:33:03","guid":{"rendered":"https:\/\/tourismcan.ca\/?p=8716"},"modified":"2025-10-06T10:01:48","modified_gmt":"2025-10-06T14:01:48","slug":"one-hill-of-a-party","status":"publish","type":"post","link":"https:\/\/tourismcan.ca\/fr\/one-hill-of-a-party\/","title":{"rendered":"La f\u00eate s\u2019invite sur la Colline"},"content":{"rendered":"<div data-elementor-type=\"wp-post\" data-elementor-id=\"8716\" class=\"elementor elementor-8716\" data-elementor-post-type=\"post\">\n\t\t\t\t<div class=\"elementor-element elementor-element-ee262ad e-flex e-con-boxed e-con e-parent\" data-id=\"ee262ad\" data-element_type=\"container\" data-e-type=\"container\">\n\t\t\t\t\t<div class=\"e-con-inner\">\n\t\t\t\t<div class=\"elementor-element elementor-element-267c851 elementor-widget elementor-widget-text-editor\" data-id=\"267c851\" data-element_type=\"widget\" data-e-type=\"widget\" data-widget_type=\"text-editor.default\">\n\t\t\t\t<div class=\"elementor-widget-container\">\n\t\t\t\t\t\t\t\t\t<p><span data-contrast=\"auto\">Le 22 septembre 2025, l\u2019Association de l\u2019industrie du tourisme du Canada (AITC), en collaboration avec ses partenaires provinciaux et territoriaux, a organis\u00e9 la r\u00e9ception <\/span><i><span data-contrast=\"auto\">La f\u00eate s\u2019invite sur la Colline<\/span><\/i><span data-contrast=\"auto\"> , sur la Colline du Parlement. Cette soir\u00e9e sp\u00e9ciale a r\u00e9uni des parlementaires, des membres du personnel et des chefs de file de l\u2019industrie afin de c\u00e9l\u00e9brer la force et la diversit\u00e9 de l\u2019industrie touristique canadienne.<\/span><span data-ccp-props=\"{&quot;134233117&quot;:false,&quot;134233118&quot;:false,&quot;335559738&quot;:240,&quot;335559739&quot;:240}\">\u00a0<\/span><\/p><p><span data-contrast=\"auto\">La r\u00e9ception a permis aux parlementaires de constater concr\u00e8tement comment le tourisme fait vivre leurs communaut\u00e9s locales et stimule l\u2019\u00e9conomie canadienne. En r\u00e9unissant les membres de l\u2019AITC et des \u00e9lus, l\u2019\u00e9v\u00e9nement a mis en lumi\u00e8re le travail des personnes et des entreprises qui contribuent \u00e0 la cr\u00e9ation d\u2019emplois, alimentent la croissance et inspirent la fiert\u00e9 d\u2019un oc\u00e9an \u00e0 l\u2019autre.<\/span><span data-ccp-props=\"{&quot;134233117&quot;:false,&quot;134233118&quot;:false,&quot;335559738&quot;:240,&quot;335559739&quot;:240}\">\u00a0<\/span><\/p>\t\t\t\t\t\t\t\t<\/div>\n\t\t\t\t<\/div>\n\t\t\t\t<div class=\"elementor-element elementor-element-46958d9 elementor-widget elementor-widget-ucaddon_uc_slider_image\" data-id=\"46958d9\" data-element_type=\"widget\" data-e-type=\"widget\" data-widget_type=\"ucaddon_uc_slider_image.default\">\n\t\t\t\t<div class=\"elementor-widget-container\">\n\t\t\t\t\t\n<!-- start Slider Gallery -->\n\t\t<link id='font-awesome-css' href='https:\/\/tourismcan.ca\/wp-content\/plugins\/unlimited-elements-for-elementor-premium\/assets_libraries\/font-awesome6\/fontawesome-all.min.css' type='text\/css' rel='stylesheet' >\n\t\t<link id='font-awesome-4-shim-css' href='https:\/\/tourismcan.ca\/wp-content\/plugins\/unlimited-elements-for-elementor-premium\/assets_libraries\/font-awesome6\/fontawesome-v4-shims.min.css' type='text\/css' rel='stylesheet' >\n\t\t<link id='unitegallery-css' href='https:\/\/tourismcan.ca\/wp-content\/plugins\/unlimited-elements-for-elementor-premium\/assets_libraries\/unitegallery\/css\/unite-gallery.css' type='text\/css' rel='stylesheet' >\n\n<style>\/* widget: Slider Gallery *\/\n\n#uc_uc_slider_image_elementor_46958d9{\n  overflow:hidden;\n}\n\n#uc_uc_slider_image_elementor_46958d9-wrapper{\n  min-height:1px;\n}\n\n<\/style>\n\n<div id=\"uc_uc_slider_image_elementor_46958d9-wrapper\">\n<div id=\"uc_uc_slider_image_elementor_46958d9\" class=\"uc-items-wrapper\" style=\"display:none; margin:0 auto;\"  data-remote-type=\"gallery\" data-custom-sethtml=\"true\" >\n\n\n<img decoding=\"async\" alt=\"September 22, 2025: TIAC reception on Parliament Hill. Photo by Dave Chan\"\n   src=\"https:\/\/tourismcan.ca\/wp-content\/uploads\/2025\/09\/CHAN4570-768x512.jpg\"\n    data-image=\"https:\/\/tourismcan.ca\/wp-content\/uploads\/2025\/09\/CHAN4570-1024x683.jpg\"\n    data-title=\"September 22, 2025: TIAC reception on Parliament Hill. Photo by Dave Chan\">\n\n<img decoding=\"async\" alt=\"September 22, 2025: TIAC reception on Parliament Hill. Photo by Dave Chan\"\n   src=\"https:\/\/tourismcan.ca\/wp-content\/uploads\/2025\/09\/CHAN4572-768x512.jpg\"\n    data-image=\"https:\/\/tourismcan.ca\/wp-content\/uploads\/2025\/09\/CHAN4572-1024x683.jpg\"\n    data-title=\"September 22, 2025: TIAC reception on Parliament Hill. Photo by Dave Chan\">\n\n<img decoding=\"async\" alt=\"September 22, 2025: TIAC reception on Parliament Hill. Photo by Dave Chan\"\n   src=\"https:\/\/tourismcan.ca\/wp-content\/uploads\/2025\/09\/CHAN4444-768x512.jpg\"\n    data-image=\"https:\/\/tourismcan.ca\/wp-content\/uploads\/2025\/09\/CHAN4444-1024x683.jpg\"\n    data-title=\"September 22, 2025: TIAC reception on Parliament Hill. Photo by Dave Chan\">\n\n<img decoding=\"async\" alt=\"September 22, 2025: TIAC reception on Parliament Hill. Photo by Dave Chan\"\n   src=\"https:\/\/tourismcan.ca\/wp-content\/uploads\/2025\/09\/CHAN4446-768x512.jpg\"\n    data-image=\"https:\/\/tourismcan.ca\/wp-content\/uploads\/2025\/09\/CHAN4446-1024x683.jpg\"\n    data-title=\"September 22, 2025: TIAC reception on Parliament Hill. Photo by Dave Chan\">\n\n<img decoding=\"async\" alt=\"September 22, 2025: TIAC reception on Parliament Hill. Photo by Dave Chan\"\n   src=\"https:\/\/tourismcan.ca\/wp-content\/uploads\/2025\/09\/CHAN4457-768x512.jpg\"\n    data-image=\"https:\/\/tourismcan.ca\/wp-content\/uploads\/2025\/09\/CHAN4457-1024x683.jpg\"\n    data-title=\"September 22, 2025: TIAC reception on Parliament Hill. Photo by Dave Chan\">\n\n<img decoding=\"async\" alt=\"September 22, 2025: TIAC reception on Parliament Hill. Photo by Dave Chan\"\n   src=\"https:\/\/tourismcan.ca\/wp-content\/uploads\/2025\/09\/CHAN4458-768x512.jpg\"\n    data-image=\"https:\/\/tourismcan.ca\/wp-content\/uploads\/2025\/09\/CHAN4458-1024x683.jpg\"\n    data-title=\"September 22, 2025: TIAC reception on Parliament Hill. Photo by Dave Chan\">\n\n<img decoding=\"async\" alt=\"September 22, 2025: TIAC reception on Parliament Hill. Photo by Dave Chan\"\n   src=\"https:\/\/tourismcan.ca\/wp-content\/uploads\/2025\/09\/CHAN4461-768x512.jpg\"\n    data-image=\"https:\/\/tourismcan.ca\/wp-content\/uploads\/2025\/09\/CHAN4461-1024x683.jpg\"\n    data-title=\"September 22, 2025: TIAC reception on Parliament Hill. Photo by Dave Chan\">\n\n<img decoding=\"async\" alt=\"September 22, 2025: TIAC reception on Parliament Hill. Photo by Dave Chan\"\n   src=\"https:\/\/tourismcan.ca\/wp-content\/uploads\/2025\/09\/CHAN4466-768x512.jpg\"\n    data-image=\"https:\/\/tourismcan.ca\/wp-content\/uploads\/2025\/09\/CHAN4466-1024x683.jpg\"\n    data-title=\"September 22, 2025: TIAC reception on Parliament Hill. Photo by Dave Chan\">\n\n<img decoding=\"async\" alt=\"September 22, 2025: TIAC reception on Parliament Hill. Photo by Dave Chan\"\n   src=\"https:\/\/tourismcan.ca\/wp-content\/uploads\/2025\/09\/CHAN4470-768x512.jpg\"\n    data-image=\"https:\/\/tourismcan.ca\/wp-content\/uploads\/2025\/09\/CHAN4470-1024x683.jpg\"\n    data-title=\"September 22, 2025: TIAC reception on Parliament Hill. Photo by Dave Chan\">\n\n<img decoding=\"async\" alt=\"September 22, 2025: TIAC reception on Parliament Hill. Photo by Dave Chan\"\n   src=\"https:\/\/tourismcan.ca\/wp-content\/uploads\/2025\/09\/CHAN4472-768x512.jpg\"\n    data-image=\"https:\/\/tourismcan.ca\/wp-content\/uploads\/2025\/09\/CHAN4472-1024x683.jpg\"\n    data-title=\"September 22, 2025: TIAC reception on Parliament Hill. Photo by Dave Chan\">\n\n<img decoding=\"async\" alt=\"September 22, 2025: TIAC reception on Parliament Hill. Photo by Dave Chan\"\n   src=\"https:\/\/tourismcan.ca\/wp-content\/uploads\/2025\/09\/CHAN4478-768x512.jpg\"\n    data-image=\"https:\/\/tourismcan.ca\/wp-content\/uploads\/2025\/09\/CHAN4478-1024x683.jpg\"\n    data-title=\"September 22, 2025: TIAC reception on Parliament Hill. Photo by Dave Chan\">\n\n<img decoding=\"async\" alt=\"September 22, 2025: TIAC reception on Parliament Hill. Photo by Dave Chan\"\n   src=\"https:\/\/tourismcan.ca\/wp-content\/uploads\/2025\/09\/CHAN4481-768x512.jpg\"\n    data-image=\"https:\/\/tourismcan.ca\/wp-content\/uploads\/2025\/09\/CHAN4481-1024x683.jpg\"\n    data-title=\"September 22, 2025: TIAC reception on Parliament Hill. Photo by Dave Chan\">\n\n<img decoding=\"async\" alt=\"September 22, 2025: TIAC reception on Parliament Hill. Photo by Dave Chan\"\n   src=\"https:\/\/tourismcan.ca\/wp-content\/uploads\/2025\/09\/CHAN4483-768x512.jpg\"\n    data-image=\"https:\/\/tourismcan.ca\/wp-content\/uploads\/2025\/09\/CHAN4483-1024x683.jpg\"\n    data-title=\"September 22, 2025: TIAC reception on Parliament Hill. Photo by Dave Chan\">\n\n<img decoding=\"async\" alt=\"September 22, 2025: TIAC reception on Parliament Hill. Photo by Dave Chan\"\n   src=\"https:\/\/tourismcan.ca\/wp-content\/uploads\/2025\/09\/CHAN4485-768x512.jpg\"\n    data-image=\"https:\/\/tourismcan.ca\/wp-content\/uploads\/2025\/09\/CHAN4485-1024x683.jpg\"\n    data-title=\"September 22, 2025: TIAC reception on Parliament Hill. Photo by Dave Chan\">\n\n<img decoding=\"async\" alt=\"September 22, 2025: TIAC reception on Parliament Hill. Photo by Dave Chan\"\n   src=\"https:\/\/tourismcan.ca\/wp-content\/uploads\/2025\/09\/CHAN4486-768x512.jpg\"\n    data-image=\"https:\/\/tourismcan.ca\/wp-content\/uploads\/2025\/09\/CHAN4486-1024x683.jpg\"\n    data-title=\"September 22, 2025: TIAC reception on Parliament Hill. Photo by Dave Chan\">\n\n<img decoding=\"async\" alt=\"September 22, 2025: TIAC reception on Parliament Hill. Photo by Dave Chan\"\n   src=\"https:\/\/tourismcan.ca\/wp-content\/uploads\/2025\/09\/CHAN4488-768x512.jpg\"\n    data-image=\"https:\/\/tourismcan.ca\/wp-content\/uploads\/2025\/09\/CHAN4488-1024x683.jpg\"\n    data-title=\"September 22, 2025: TIAC reception on Parliament Hill. Photo by Dave Chan\">\n\n<img decoding=\"async\" alt=\"September 22, 2025: TIAC reception on Parliament Hill. Photo by Dave Chan\"\n   src=\"https:\/\/tourismcan.ca\/wp-content\/uploads\/2025\/09\/CHAN4490-768x512.jpg\"\n    data-image=\"https:\/\/tourismcan.ca\/wp-content\/uploads\/2025\/09\/CHAN4490-1024x683.jpg\"\n    data-title=\"September 22, 2025: TIAC reception on Parliament Hill. Photo by Dave Chan\">\n\n<img decoding=\"async\" alt=\"September 22, 2025: TIAC reception on Parliament Hill. Photo by Dave Chan\"\n   src=\"https:\/\/tourismcan.ca\/wp-content\/uploads\/2025\/09\/CHAN4491-768x512.jpg\"\n    data-image=\"https:\/\/tourismcan.ca\/wp-content\/uploads\/2025\/09\/CHAN4491-1024x683.jpg\"\n    data-title=\"September 22, 2025: TIAC reception on Parliament Hill. Photo by Dave Chan\">\n\n<img decoding=\"async\" alt=\"September 22, 2025: TIAC reception on Parliament Hill. Photo by Dave Chan\"\n   src=\"https:\/\/tourismcan.ca\/wp-content\/uploads\/2025\/09\/CHAN4495-768x512.jpg\"\n    data-image=\"https:\/\/tourismcan.ca\/wp-content\/uploads\/2025\/09\/CHAN4495-1024x683.jpg\"\n    data-title=\"September 22, 2025: TIAC reception on Parliament Hill. Photo by Dave Chan\">\n\n<img decoding=\"async\" alt=\"September 22, 2025: TIAC reception on Parliament Hill. Photo by Dave Chan\"\n   src=\"https:\/\/tourismcan.ca\/wp-content\/uploads\/2025\/09\/CHAN5380-768x512.jpg\"\n    data-image=\"https:\/\/tourismcan.ca\/wp-content\/uploads\/2025\/09\/CHAN5380-1024x683.jpg\"\n    data-title=\"September 22, 2025: TIAC reception on Parliament Hill. Photo by Dave Chan\">\n\n<img decoding=\"async\" alt=\"September 22, 2025: TIAC reception on Parliament Hill. Photo by Dave Chan\"\n   src=\"https:\/\/tourismcan.ca\/wp-content\/uploads\/2025\/09\/CHAN5381-768x512.jpg\"\n    data-image=\"https:\/\/tourismcan.ca\/wp-content\/uploads\/2025\/09\/CHAN5381-1024x683.jpg\"\n    data-title=\"September 22, 2025: TIAC reception on Parliament Hill. Photo by Dave Chan\">\n\n<img decoding=\"async\" alt=\"September 22, 2025: TIAC reception on Parliament Hill. Photo by Dave Chan\"\n   src=\"https:\/\/tourismcan.ca\/wp-content\/uploads\/2025\/09\/CHAN5265-768x512.jpg\"\n    data-image=\"https:\/\/tourismcan.ca\/wp-content\/uploads\/2025\/09\/CHAN5265-1024x683.jpg\"\n    data-title=\"September 22, 2025: TIAC reception on Parliament Hill. Photo by Dave Chan\">\n\n<img decoding=\"async\" alt=\"September 22, 2025: TIAC reception on Parliament Hill. Photo by Dave Chan\"\n   src=\"https:\/\/tourismcan.ca\/wp-content\/uploads\/2025\/09\/CHAN5284-768x512.jpg\"\n    data-image=\"https:\/\/tourismcan.ca\/wp-content\/uploads\/2025\/09\/CHAN5284-1024x683.jpg\"\n    data-title=\"September 22, 2025: TIAC reception on Parliament Hill. Photo by Dave Chan\">\n\n<img decoding=\"async\" alt=\"September 22, 2025: TIAC reception on Parliament Hill. Photo by Dave Chan\"\n   src=\"https:\/\/tourismcan.ca\/wp-content\/uploads\/2025\/09\/CHAN5293-768x512.jpg\"\n    data-image=\"https:\/\/tourismcan.ca\/wp-content\/uploads\/2025\/09\/CHAN5293-1024x683.jpg\"\n    data-title=\"September 22, 2025: TIAC reception on Parliament Hill. Photo by Dave Chan\">\n\n<img decoding=\"async\" alt=\"September 22, 2025: TIAC reception on Parliament Hill. Photo by Dave Chan\"\n   src=\"https:\/\/tourismcan.ca\/wp-content\/uploads\/2025\/09\/CHAN5317-768x512.jpg\"\n    data-image=\"https:\/\/tourismcan.ca\/wp-content\/uploads\/2025\/09\/CHAN5317-1024x683.jpg\"\n    data-title=\"September 22, 2025: TIAC reception on Parliament Hill. Photo by Dave Chan\">\n\n<img decoding=\"async\" alt=\"September 22, 2025: TIAC reception on Parliament Hill. Photo by Dave Chan\"\n   src=\"https:\/\/tourismcan.ca\/wp-content\/uploads\/2025\/09\/CHAN5320-768x512.jpg\"\n    data-image=\"https:\/\/tourismcan.ca\/wp-content\/uploads\/2025\/09\/CHAN5320-1024x683.jpg\"\n    data-title=\"September 22, 2025: TIAC reception on Parliament Hill. Photo by Dave Chan\">\n\n<img decoding=\"async\" alt=\"September 22, 2025: TIAC reception on Parliament Hill. Photo by Dave Chan\"\n   src=\"https:\/\/tourismcan.ca\/wp-content\/uploads\/2025\/09\/CHAN5329-768x512.jpg\"\n    data-image=\"https:\/\/tourismcan.ca\/wp-content\/uploads\/2025\/09\/CHAN5329-1024x683.jpg\"\n    data-title=\"September 22, 2025: TIAC reception on Parliament Hill. Photo by Dave Chan\">\n\n<img decoding=\"async\" alt=\"September 22, 2025: TIAC reception on Parliament Hill. Photo by Dave Chan\"\n   src=\"https:\/\/tourismcan.ca\/wp-content\/uploads\/2025\/09\/CHAN5330-768x512.jpg\"\n    data-image=\"https:\/\/tourismcan.ca\/wp-content\/uploads\/2025\/09\/CHAN5330-1024x683.jpg\"\n    data-title=\"September 22, 2025: TIAC reception on Parliament Hill. Photo by Dave Chan\">\n\n<img decoding=\"async\" alt=\"September 22, 2025: TIAC reception on Parliament Hill. Photo by Dave Chan\"\n   src=\"https:\/\/tourismcan.ca\/wp-content\/uploads\/2025\/09\/CHAN5331-768x512.jpg\"\n    data-image=\"https:\/\/tourismcan.ca\/wp-content\/uploads\/2025\/09\/CHAN5331-1024x683.jpg\"\n    data-title=\"September 22, 2025: TIAC reception on Parliament Hill. Photo by Dave Chan\">\n\n<img decoding=\"async\" alt=\"September 22, 2025: TIAC reception on Parliament Hill. Photo by Dave Chan\"\n   src=\"https:\/\/tourismcan.ca\/wp-content\/uploads\/2025\/09\/CHAN5333-768x512.jpg\"\n    data-image=\"https:\/\/tourismcan.ca\/wp-content\/uploads\/2025\/09\/CHAN5333-1024x683.jpg\"\n    data-title=\"September 22, 2025: TIAC reception on Parliament Hill. Photo by Dave Chan\">\n\n<img decoding=\"async\" alt=\"September 22, 2025: TIAC reception on Parliament Hill. Photo by Dave Chan\"\n   src=\"https:\/\/tourismcan.ca\/wp-content\/uploads\/2025\/09\/CHAN5336-768x512.jpg\"\n    data-image=\"https:\/\/tourismcan.ca\/wp-content\/uploads\/2025\/09\/CHAN5336-1024x683.jpg\"\n    data-title=\"September 22, 2025: TIAC reception on Parliament Hill. Photo by Dave Chan\">\n\n<img decoding=\"async\" alt=\"September 22, 2025: TIAC reception on Parliament Hill. Photo by Dave Chan\"\n   src=\"https:\/\/tourismcan.ca\/wp-content\/uploads\/2025\/09\/CHAN5337-768x512.jpg\"\n    data-image=\"https:\/\/tourismcan.ca\/wp-content\/uploads\/2025\/09\/CHAN5337-1024x683.jpg\"\n    data-title=\"September 22, 2025: TIAC reception on Parliament Hill. Photo by Dave Chan\">\n\n<img decoding=\"async\" alt=\"September 22, 2025: TIAC reception on Parliament Hill. Photo by Dave Chan\"\n   src=\"https:\/\/tourismcan.ca\/wp-content\/uploads\/2025\/09\/CHAN5341-768x512.jpg\"\n    data-image=\"https:\/\/tourismcan.ca\/wp-content\/uploads\/2025\/09\/CHAN5341-1024x683.jpg\"\n    data-title=\"September 22, 2025: TIAC reception on Parliament Hill. Photo by Dave Chan\">\n\n<img decoding=\"async\" alt=\"September 22, 2025: TIAC reception on Parliament Hill. Photo by Dave Chan\"\n   src=\"https:\/\/tourismcan.ca\/wp-content\/uploads\/2025\/09\/CHAN5343-768x512.jpg\"\n    data-image=\"https:\/\/tourismcan.ca\/wp-content\/uploads\/2025\/09\/CHAN5343-1024x683.jpg\"\n    data-title=\"September 22, 2025: TIAC reception on Parliament Hill. Photo by Dave Chan\">\n\n<img decoding=\"async\" alt=\"September 22, 2025: TIAC reception on Parliament Hill. Photo by Dave Chan\"\n   src=\"https:\/\/tourismcan.ca\/wp-content\/uploads\/2025\/09\/CHAN5345-768x512.jpg\"\n    data-image=\"https:\/\/tourismcan.ca\/wp-content\/uploads\/2025\/09\/CHAN5345-1024x683.jpg\"\n    data-title=\"September 22, 2025: TIAC reception on Parliament Hill. Photo by Dave Chan\">\n\n<img decoding=\"async\" alt=\"September 22, 2025: TIAC reception on Parliament Hill. Photo by Dave Chan\"\n   src=\"https:\/\/tourismcan.ca\/wp-content\/uploads\/2025\/09\/CHAN5347-768x512.jpg\"\n    data-image=\"https:\/\/tourismcan.ca\/wp-content\/uploads\/2025\/09\/CHAN5347-1024x683.jpg\"\n    data-title=\"September 22, 2025: TIAC reception on Parliament Hill. Photo by Dave Chan\">\n\n<img decoding=\"async\" alt=\"September 22, 2025: TIAC reception on Parliament Hill. Photo by Dave Chan\"\n   src=\"https:\/\/tourismcan.ca\/wp-content\/uploads\/2025\/09\/CHAN5359-768x512.jpg\"\n    data-image=\"https:\/\/tourismcan.ca\/wp-content\/uploads\/2025\/09\/CHAN5359-1024x683.jpg\"\n    data-title=\"September 22, 2025: TIAC reception on Parliament Hill. Photo by Dave Chan\">\n\n<img decoding=\"async\" alt=\"September 22, 2025: TIAC reception on Parliament Hill. Photo by Dave Chan\"\n   src=\"https:\/\/tourismcan.ca\/wp-content\/uploads\/2025\/09\/CHAN5361-768x512.jpg\"\n    data-image=\"https:\/\/tourismcan.ca\/wp-content\/uploads\/2025\/09\/CHAN5361-1024x683.jpg\"\n    data-title=\"September 22, 2025: TIAC reception on Parliament Hill. Photo by Dave Chan\">\n\n<img decoding=\"async\" alt=\"September 22, 2025: TIAC reception on Parliament Hill. Photo by Dave Chan\"\n   src=\"https:\/\/tourismcan.ca\/wp-content\/uploads\/2025\/09\/CHAN5368-768x512.jpg\"\n    data-image=\"https:\/\/tourismcan.ca\/wp-content\/uploads\/2025\/09\/CHAN5368-1024x683.jpg\"\n    data-title=\"September 22, 2025: TIAC reception on Parliament Hill. Photo by Dave Chan\">\n\n<img decoding=\"async\" alt=\"September 22, 2025: TIAC reception on Parliament Hill. Photo by Dave Chan\"\n   src=\"https:\/\/tourismcan.ca\/wp-content\/uploads\/2025\/09\/CHAN5370-768x512.jpg\"\n    data-image=\"https:\/\/tourismcan.ca\/wp-content\/uploads\/2025\/09\/CHAN5370-1024x683.jpg\"\n    data-title=\"September 22, 2025: TIAC reception on Parliament Hill. Photo by Dave Chan\">\n\n<img decoding=\"async\" alt=\"September 22, 2025: TIAC reception on Parliament Hill. Photo by Dave Chan\"\n   src=\"https:\/\/tourismcan.ca\/wp-content\/uploads\/2025\/09\/CHAN5371-768x512.jpg\"\n    data-image=\"https:\/\/tourismcan.ca\/wp-content\/uploads\/2025\/09\/CHAN5371-1024x683.jpg\"\n    data-title=\"September 22, 2025: TIAC reception on Parliament Hill. Photo by Dave Chan\">\n\n<img decoding=\"async\" alt=\"September 22, 2025: TIAC reception on Parliament Hill. Photo by Dave Chan\"\n   src=\"https:\/\/tourismcan.ca\/wp-content\/uploads\/2025\/09\/CHAN5372-768x512.jpg\"\n    data-image=\"https:\/\/tourismcan.ca\/wp-content\/uploads\/2025\/09\/CHAN5372-1024x683.jpg\"\n    data-title=\"September 22, 2025: TIAC reception on Parliament Hill. Photo by Dave Chan\">\n\n<img decoding=\"async\" alt=\"September 22, 2025: TIAC reception on Parliament Hill. Photo by Dave Chan\"\n   src=\"https:\/\/tourismcan.ca\/wp-content\/uploads\/2025\/09\/CHAN5374-768x512.jpg\"\n    data-image=\"https:\/\/tourismcan.ca\/wp-content\/uploads\/2025\/09\/CHAN5374-1024x683.jpg\"\n    data-title=\"September 22, 2025: TIAC reception on Parliament Hill. Photo by Dave Chan\">\n\n<img decoding=\"async\" alt=\"September 22, 2025: TIAC reception on Parliament Hill. Photo by Dave Chan\"\n   src=\"https:\/\/tourismcan.ca\/wp-content\/uploads\/2025\/09\/CHAN5377-768x512.jpg\"\n    data-image=\"https:\/\/tourismcan.ca\/wp-content\/uploads\/2025\/09\/CHAN5377-1024x683.jpg\"\n    data-title=\"September 22, 2025: TIAC reception on Parliament Hill. Photo by Dave Chan\">\n\n<img decoding=\"async\" alt=\"September 22, 2025: TIAC reception on Parliament Hill. Photo by Dave Chan\"\n   src=\"https:\/\/tourismcan.ca\/wp-content\/uploads\/2025\/09\/CHAN5160-768x512.jpg\"\n    data-image=\"https:\/\/tourismcan.ca\/wp-content\/uploads\/2025\/09\/CHAN5160-1024x683.jpg\"\n    data-title=\"September 22, 2025: TIAC reception on Parliament Hill. Photo by Dave Chan\">\n\n<img decoding=\"async\" alt=\"September 22, 2025: TIAC reception on Parliament Hill. Photo by Dave Chan\"\n   src=\"https:\/\/tourismcan.ca\/wp-content\/uploads\/2025\/09\/CHAN5165-768x512.jpg\"\n    data-image=\"https:\/\/tourismcan.ca\/wp-content\/uploads\/2025\/09\/CHAN5165-1024x683.jpg\"\n    data-title=\"September 22, 2025: TIAC reception on Parliament Hill. Photo by Dave Chan\">\n\n<img decoding=\"async\" alt=\"September 22, 2025: TIAC reception on Parliament Hill. Photo by Dave Chan\"\n   src=\"https:\/\/tourismcan.ca\/wp-content\/uploads\/2025\/09\/CHAN5170-768x512.jpg\"\n    data-image=\"https:\/\/tourismcan.ca\/wp-content\/uploads\/2025\/09\/CHAN5170-1024x683.jpg\"\n    data-title=\"September 22, 2025: TIAC reception on Parliament Hill. Photo by Dave Chan\">\n\n<img decoding=\"async\" alt=\"September 22, 2025: TIAC reception on Parliament Hill. Photo by Dave Chan\"\n   src=\"https:\/\/tourismcan.ca\/wp-content\/uploads\/2025\/09\/CHAN5174-768x512.jpg\"\n    data-image=\"https:\/\/tourismcan.ca\/wp-content\/uploads\/2025\/09\/CHAN5174-1024x683.jpg\"\n    data-title=\"September 22, 2025: TIAC reception on Parliament Hill. Photo by Dave Chan\">\n\n<img decoding=\"async\" alt=\"September 22, 2025: TIAC reception on Parliament Hill. Photo by Dave Chan\"\n   src=\"https:\/\/tourismcan.ca\/wp-content\/uploads\/2025\/09\/CHAN5176-768x512.jpg\"\n    data-image=\"https:\/\/tourismcan.ca\/wp-content\/uploads\/2025\/09\/CHAN5176-1024x683.jpg\"\n    data-title=\"September 22, 2025: TIAC reception on Parliament Hill. Photo by Dave Chan\">\n\n<img decoding=\"async\" alt=\"September 22, 2025: TIAC reception on Parliament Hill. Photo by Dave Chan\"\n   src=\"https:\/\/tourismcan.ca\/wp-content\/uploads\/2025\/09\/CHAN5180-768x512.jpg\"\n    data-image=\"https:\/\/tourismcan.ca\/wp-content\/uploads\/2025\/09\/CHAN5180-1024x683.jpg\"\n    data-title=\"September 22, 2025: TIAC reception on Parliament Hill. Photo by Dave Chan\">\n\n<img decoding=\"async\" alt=\"September 22, 2025: TIAC reception on Parliament Hill. Photo by Dave Chan\"\n   src=\"https:\/\/tourismcan.ca\/wp-content\/uploads\/2025\/09\/CHAN5183-768x512.jpg\"\n    data-image=\"https:\/\/tourismcan.ca\/wp-content\/uploads\/2025\/09\/CHAN5183-1024x683.jpg\"\n    data-title=\"September 22, 2025: TIAC reception on Parliament Hill. Photo by Dave Chan\">\n\n<img decoding=\"async\" alt=\"September 22, 2025: TIAC reception on Parliament Hill. Photo by Dave Chan\"\n   src=\"https:\/\/tourismcan.ca\/wp-content\/uploads\/2025\/09\/CHAN5185-768x512.jpg\"\n    data-image=\"https:\/\/tourismcan.ca\/wp-content\/uploads\/2025\/09\/CHAN5185-1024x683.jpg\"\n    data-title=\"September 22, 2025: TIAC reception on Parliament Hill. Photo by Dave Chan\">\n\n<img decoding=\"async\" alt=\"September 22, 2025: TIAC reception on Parliament Hill. Photo by Dave Chan\"\n   src=\"https:\/\/tourismcan.ca\/wp-content\/uploads\/2025\/09\/CHAN5203-768x512.jpg\"\n    data-image=\"https:\/\/tourismcan.ca\/wp-content\/uploads\/2025\/09\/CHAN5203-1024x683.jpg\"\n    data-title=\"September 22, 2025: TIAC reception on Parliament Hill. Photo by Dave Chan\">\n\n<img decoding=\"async\" alt=\"September 22, 2025: TIAC reception on Parliament Hill. Photo by Dave Chan\"\n   src=\"https:\/\/tourismcan.ca\/wp-content\/uploads\/2025\/09\/CHAN5206-768x512.jpg\"\n    data-image=\"https:\/\/tourismcan.ca\/wp-content\/uploads\/2025\/09\/CHAN5206-1024x683.jpg\"\n    data-title=\"September 22, 2025: TIAC reception on Parliament Hill. Photo by Dave Chan\">\n\n<img decoding=\"async\" alt=\"September 22, 2025: TIAC reception on Parliament Hill. Photo by Dave Chan\"\n   src=\"https:\/\/tourismcan.ca\/wp-content\/uploads\/2025\/09\/CHAN5208-768x512.jpg\"\n    data-image=\"https:\/\/tourismcan.ca\/wp-content\/uploads\/2025\/09\/CHAN5208-1024x683.jpg\"\n    data-title=\"September 22, 2025: TIAC reception on Parliament Hill. Photo by Dave Chan\">\n\n<img decoding=\"async\" alt=\"September 22, 2025: TIAC reception on Parliament Hill. Photo by Dave Chan\"\n   src=\"https:\/\/tourismcan.ca\/wp-content\/uploads\/2025\/09\/CHAN5210-768x512.jpg\"\n    data-image=\"https:\/\/tourismcan.ca\/wp-content\/uploads\/2025\/09\/CHAN5210-1024x683.jpg\"\n    data-title=\"September 22, 2025: TIAC reception on Parliament Hill. Photo by Dave Chan\">\n\n<img decoding=\"async\" alt=\"September 22, 2025: TIAC reception on Parliament Hill. Photo by Dave Chan\"\n   src=\"https:\/\/tourismcan.ca\/wp-content\/uploads\/2025\/09\/CHAN5212-768x512.jpg\"\n    data-image=\"https:\/\/tourismcan.ca\/wp-content\/uploads\/2025\/09\/CHAN5212-1024x683.jpg\"\n    data-title=\"September 22, 2025: TIAC reception on Parliament Hill. Photo by Dave Chan\">\n\n<img decoding=\"async\" alt=\"September 22, 2025: TIAC reception on Parliament Hill. Photo by Dave Chan\"\n   src=\"https:\/\/tourismcan.ca\/wp-content\/uploads\/2025\/09\/CHAN5217-768x512.jpg\"\n    data-image=\"https:\/\/tourismcan.ca\/wp-content\/uploads\/2025\/09\/CHAN5217-1024x683.jpg\"\n    data-title=\"September 22, 2025: TIAC reception on Parliament Hill. Photo by Dave Chan\">\n\n<img decoding=\"async\" alt=\"September 22, 2025: TIAC reception on Parliament Hill. Photo by Dave Chan\"\n   src=\"https:\/\/tourismcan.ca\/wp-content\/uploads\/2025\/09\/CHAN5219-768x512.jpg\"\n    data-image=\"https:\/\/tourismcan.ca\/wp-content\/uploads\/2025\/09\/CHAN5219-1024x683.jpg\"\n    data-title=\"September 22, 2025: TIAC reception on Parliament Hill. Photo by Dave Chan\">\n\n<img decoding=\"async\" alt=\"September 22, 2025: TIAC reception on Parliament Hill. Photo by Dave Chan\"\n   src=\"https:\/\/tourismcan.ca\/wp-content\/uploads\/2025\/09\/CHAN5220-768x512.jpg\"\n    data-image=\"https:\/\/tourismcan.ca\/wp-content\/uploads\/2025\/09\/CHAN5220-1024x683.jpg\"\n    data-title=\"September 22, 2025: TIAC reception on Parliament Hill. Photo by Dave Chan\">\n\n<img decoding=\"async\" alt=\"September 22, 2025: TIAC reception on Parliament Hill. Photo by Dave Chan\"\n   src=\"https:\/\/tourismcan.ca\/wp-content\/uploads\/2025\/09\/CHAN5221-768x512.jpg\"\n    data-image=\"https:\/\/tourismcan.ca\/wp-content\/uploads\/2025\/09\/CHAN5221-1024x683.jpg\"\n    data-title=\"September 22, 2025: TIAC reception on Parliament Hill. Photo by Dave Chan\">\n\n<img decoding=\"async\" alt=\"September 22, 2025: TIAC reception on Parliament Hill. Photo by Dave Chan\"\n   src=\"https:\/\/tourismcan.ca\/wp-content\/uploads\/2025\/09\/CHAN5242-768x512.jpg\"\n    data-image=\"https:\/\/tourismcan.ca\/wp-content\/uploads\/2025\/09\/CHAN5242-1024x683.jpg\"\n    data-title=\"September 22, 2025: TIAC reception on Parliament Hill. Photo by Dave Chan\">\n\n<img decoding=\"async\" alt=\"September 22, 2025: TIAC reception on Parliament Hill. Photo by Dave Chan\"\n   src=\"https:\/\/tourismcan.ca\/wp-content\/uploads\/2025\/09\/CHAN5244-768x512.jpg\"\n    data-image=\"https:\/\/tourismcan.ca\/wp-content\/uploads\/2025\/09\/CHAN5244-1024x683.jpg\"\n    data-title=\"September 22, 2025: TIAC reception on Parliament Hill. Photo by Dave Chan\">\n\n<img decoding=\"async\" alt=\"September 22, 2025: TIAC reception on Parliament Hill. Photo by Dave Chan\"\n   src=\"https:\/\/tourismcan.ca\/wp-content\/uploads\/2025\/09\/CHAN5261-768x512.jpg\"\n    data-image=\"https:\/\/tourismcan.ca\/wp-content\/uploads\/2025\/09\/CHAN5261-1024x683.jpg\"\n    data-title=\"September 22, 2025: TIAC reception on Parliament Hill. Photo by Dave Chan\">\n\n<img decoding=\"async\" alt=\"September 22, 2025: TIAC reception on Parliament Hill. Photo by Dave Chan\"\n   src=\"https:\/\/tourismcan.ca\/wp-content\/uploads\/2025\/09\/CHAN5262-768x512.jpg\"\n    data-image=\"https:\/\/tourismcan.ca\/wp-content\/uploads\/2025\/09\/CHAN5262-1024x683.jpg\"\n    data-title=\"September 22, 2025: TIAC reception on Parliament Hill. Photo by Dave Chan\">\n\n<img decoding=\"async\" alt=\"September 22, 2025: TIAC reception on Parliament Hill. Photo by Dave Chan\"\n   src=\"https:\/\/tourismcan.ca\/wp-content\/uploads\/2025\/09\/CHAN5038-768x512.jpg\"\n    data-image=\"https:\/\/tourismcan.ca\/wp-content\/uploads\/2025\/09\/CHAN5038-1024x683.jpg\"\n    data-title=\"September 22, 2025: TIAC reception on Parliament Hill. Photo by Dave Chan\">\n\n<img decoding=\"async\" alt=\"September 22, 2025: TIAC reception on Parliament Hill. Photo by Dave Chan\"\n   src=\"https:\/\/tourismcan.ca\/wp-content\/uploads\/2025\/09\/CHAN5047-768x512.jpg\"\n    data-image=\"https:\/\/tourismcan.ca\/wp-content\/uploads\/2025\/09\/CHAN5047-1024x683.jpg\"\n    data-title=\"September 22, 2025: TIAC reception on Parliament Hill. Photo by Dave Chan\">\n\n<img decoding=\"async\" alt=\"September 22, 2025: TIAC reception on Parliament Hill. Photo by Dave Chan\"\n   src=\"https:\/\/tourismcan.ca\/wp-content\/uploads\/2025\/09\/CHAN5049-768x512.jpg\"\n    data-image=\"https:\/\/tourismcan.ca\/wp-content\/uploads\/2025\/09\/CHAN5049-1024x683.jpg\"\n    data-title=\"September 22, 2025: TIAC reception on Parliament Hill. Photo by Dave Chan\">\n\n<img decoding=\"async\" alt=\"September 22, 2025: TIAC reception on Parliament Hill. Photo by Dave Chan\"\n   src=\"https:\/\/tourismcan.ca\/wp-content\/uploads\/2025\/09\/CHAN5057-768x512.jpg\"\n    data-image=\"https:\/\/tourismcan.ca\/wp-content\/uploads\/2025\/09\/CHAN5057-1024x683.jpg\"\n    data-title=\"September 22, 2025: TIAC reception on Parliament Hill. Photo by Dave Chan\">\n\n<img decoding=\"async\" alt=\"September 22, 2025: TIAC reception on Parliament Hill. Photo by Dave Chan\"\n   src=\"https:\/\/tourismcan.ca\/wp-content\/uploads\/2025\/09\/CHAN5059-768x512.jpg\"\n    data-image=\"https:\/\/tourismcan.ca\/wp-content\/uploads\/2025\/09\/CHAN5059-1024x683.jpg\"\n    data-title=\"September 22, 2025: TIAC reception on Parliament Hill. Photo by Dave Chan\">\n\n<img decoding=\"async\" alt=\"September 22, 2025: TIAC reception on Parliament Hill. Photo by Dave Chan\"\n   src=\"https:\/\/tourismcan.ca\/wp-content\/uploads\/2025\/09\/CHAN5062-768x512.jpg\"\n    data-image=\"https:\/\/tourismcan.ca\/wp-content\/uploads\/2025\/09\/CHAN5062-1024x683.jpg\"\n    data-title=\"September 22, 2025: TIAC reception on Parliament Hill. Photo by Dave Chan\">\n\n<img decoding=\"async\" alt=\"September 22, 2025: TIAC reception on Parliament Hill. Photo by Dave Chan\"\n   src=\"https:\/\/tourismcan.ca\/wp-content\/uploads\/2025\/09\/CHAN5074-768x512.jpg\"\n    data-image=\"https:\/\/tourismcan.ca\/wp-content\/uploads\/2025\/09\/CHAN5074-1024x683.jpg\"\n    data-title=\"September 22, 2025: TIAC reception on Parliament Hill. Photo by Dave Chan\">\n\n<img decoding=\"async\" alt=\"September 22, 2025: TIAC reception on Parliament Hill. Photo by Dave Chan\"\n   src=\"https:\/\/tourismcan.ca\/wp-content\/uploads\/2025\/09\/CHAN5080-768x512.jpg\"\n    data-image=\"https:\/\/tourismcan.ca\/wp-content\/uploads\/2025\/09\/CHAN5080-1024x683.jpg\"\n    data-title=\"September 22, 2025: TIAC reception on Parliament Hill. Photo by Dave Chan\">\n\n<img decoding=\"async\" alt=\"September 22, 2025: TIAC reception on Parliament Hill. Photo by Dave Chan\"\n   src=\"https:\/\/tourismcan.ca\/wp-content\/uploads\/2025\/09\/CHAN5082-768x512.jpg\"\n    data-image=\"https:\/\/tourismcan.ca\/wp-content\/uploads\/2025\/09\/CHAN5082-1024x683.jpg\"\n    data-title=\"September 22, 2025: TIAC reception on Parliament Hill. Photo by Dave Chan\">\n\n<img decoding=\"async\" alt=\"September 22, 2025: TIAC reception on Parliament Hill. Photo by Dave Chan\"\n   src=\"https:\/\/tourismcan.ca\/wp-content\/uploads\/2025\/09\/CHAN5086-768x512.jpg\"\n    data-image=\"https:\/\/tourismcan.ca\/wp-content\/uploads\/2025\/09\/CHAN5086-1024x683.jpg\"\n    data-title=\"September 22, 2025: TIAC reception on Parliament Hill. Photo by Dave Chan\">\n\n<img decoding=\"async\" alt=\"September 22, 2025: TIAC reception on Parliament Hill. Photo by Dave Chan\"\n   src=\"https:\/\/tourismcan.ca\/wp-content\/uploads\/2025\/09\/CHAN5087-768x512.jpg\"\n    data-image=\"https:\/\/tourismcan.ca\/wp-content\/uploads\/2025\/09\/CHAN5087-1024x683.jpg\"\n    data-title=\"September 22, 2025: TIAC reception on Parliament Hill. Photo by Dave Chan\">\n\n<img decoding=\"async\" alt=\"September 22, 2025: TIAC reception on Parliament Hill. Photo by Dave Chan\"\n   src=\"https:\/\/tourismcan.ca\/wp-content\/uploads\/2025\/09\/CHAN5109-768x512.jpg\"\n    data-image=\"https:\/\/tourismcan.ca\/wp-content\/uploads\/2025\/09\/CHAN5109-1024x683.jpg\"\n    data-title=\"September 22, 2025: TIAC reception on Parliament Hill. Photo by Dave Chan\">\n\n<img decoding=\"async\" alt=\"September 22, 2025: TIAC reception on Parliament Hill. Photo by Dave Chan\"\n   src=\"https:\/\/tourismcan.ca\/wp-content\/uploads\/2025\/09\/CHAN5125-768x512.jpg\"\n    data-image=\"https:\/\/tourismcan.ca\/wp-content\/uploads\/2025\/09\/CHAN5125-1024x683.jpg\"\n    data-title=\"September 22, 2025: TIAC reception on Parliament Hill. Photo by Dave Chan\">\n\n<img decoding=\"async\" alt=\"September 22, 2025: TIAC reception on Parliament Hill. Photo by Dave Chan\"\n   src=\"https:\/\/tourismcan.ca\/wp-content\/uploads\/2025\/09\/CHAN5127-768x512.jpg\"\n    data-image=\"https:\/\/tourismcan.ca\/wp-content\/uploads\/2025\/09\/CHAN5127-1024x683.jpg\"\n    data-title=\"September 22, 2025: TIAC reception on Parliament Hill. Photo by Dave Chan\">\n\n<img decoding=\"async\" alt=\"September 22, 2025: TIAC reception on Parliament Hill. Photo by Dave Chan\"\n   src=\"https:\/\/tourismcan.ca\/wp-content\/uploads\/2025\/09\/CHAN5129-768x512.jpg\"\n    data-image=\"https:\/\/tourismcan.ca\/wp-content\/uploads\/2025\/09\/CHAN5129-1024x683.jpg\"\n    data-title=\"September 22, 2025: TIAC reception on Parliament Hill. Photo by Dave Chan\">\n\n<img decoding=\"async\" alt=\"September 22, 2025: TIAC reception on Parliament Hill. Photo by Dave Chan\"\n   src=\"https:\/\/tourismcan.ca\/wp-content\/uploads\/2025\/09\/CHAN5140-768x512.jpg\"\n    data-image=\"https:\/\/tourismcan.ca\/wp-content\/uploads\/2025\/09\/CHAN5140-1024x683.jpg\"\n    data-title=\"September 22, 2025: TIAC reception on Parliament Hill. Photo by Dave Chan\">\n\n<img decoding=\"async\" alt=\"September 22, 2025: TIAC reception on Parliament Hill. Photo by Dave Chan\"\n   src=\"https:\/\/tourismcan.ca\/wp-content\/uploads\/2025\/09\/CHAN5143-768x512.jpg\"\n    data-image=\"https:\/\/tourismcan.ca\/wp-content\/uploads\/2025\/09\/CHAN5143-1024x683.jpg\"\n    data-title=\"September 22, 2025: TIAC reception on Parliament Hill. Photo by Dave Chan\">\n\n<img decoding=\"async\" alt=\"September 22, 2025: TIAC reception on Parliament Hill. Photo by Dave Chan\"\n   src=\"https:\/\/tourismcan.ca\/wp-content\/uploads\/2025\/09\/CHAN5146-768x512.jpg\"\n    data-image=\"https:\/\/tourismcan.ca\/wp-content\/uploads\/2025\/09\/CHAN5146-1024x683.jpg\"\n    data-title=\"September 22, 2025: TIAC reception on Parliament Hill. Photo by Dave Chan\">\n\n<img decoding=\"async\" alt=\"September 22, 2025: TIAC reception on Parliament Hill. Photo by Dave Chan\"\n   src=\"https:\/\/tourismcan.ca\/wp-content\/uploads\/2025\/09\/CHAN5152-768x512.jpg\"\n    data-image=\"https:\/\/tourismcan.ca\/wp-content\/uploads\/2025\/09\/CHAN5152-1024x683.jpg\"\n    data-title=\"September 22, 2025: TIAC reception on Parliament Hill. Photo by Dave Chan\">\n\n<img decoding=\"async\" alt=\"September 22, 2025: TIAC reception on Parliament Hill. Photo by Dave Chan\"\n   src=\"https:\/\/tourismcan.ca\/wp-content\/uploads\/2025\/09\/CHAN5157-768x512.jpg\"\n    data-image=\"https:\/\/tourismcan.ca\/wp-content\/uploads\/2025\/09\/CHAN5157-1024x683.jpg\"\n    data-title=\"September 22, 2025: TIAC reception on Parliament Hill. Photo by Dave Chan\">\n\n<img decoding=\"async\" alt=\"September 22, 2025: TIAC reception on Parliament Hill. Photo by Dave Chan\"\n   src=\"https:\/\/tourismcan.ca\/wp-content\/uploads\/2025\/09\/CHAN4866-768x512.jpg\"\n    data-image=\"https:\/\/tourismcan.ca\/wp-content\/uploads\/2025\/09\/CHAN4866-1024x683.jpg\"\n    data-title=\"September 22, 2025: TIAC reception on Parliament Hill. Photo by Dave Chan\">\n\n<img decoding=\"async\" alt=\"September 22, 2025: TIAC reception on Parliament Hill. Photo by Dave Chan\"\n   src=\"https:\/\/tourismcan.ca\/wp-content\/uploads\/2025\/09\/CHAN4869-768x512.jpg\"\n    data-image=\"https:\/\/tourismcan.ca\/wp-content\/uploads\/2025\/09\/CHAN4869-1024x683.jpg\"\n    data-title=\"September 22, 2025: TIAC reception on Parliament Hill. Photo by Dave Chan\">\n\n<img decoding=\"async\" alt=\"September 22, 2025: TIAC reception on Parliament Hill. Photo by Dave Chan\"\n   src=\"https:\/\/tourismcan.ca\/wp-content\/uploads\/2025\/09\/CHAN4877-768x512.jpg\"\n    data-image=\"https:\/\/tourismcan.ca\/wp-content\/uploads\/2025\/09\/CHAN4877-1024x683.jpg\"\n    data-title=\"September 22, 2025: TIAC reception on Parliament Hill. Photo by Dave Chan\">\n\n<img decoding=\"async\" alt=\"September 22, 2025: TIAC reception on Parliament Hill. Photo by Dave Chan\"\n   src=\"https:\/\/tourismcan.ca\/wp-content\/uploads\/2025\/09\/CHAN4880-768x512.jpg\"\n    data-image=\"https:\/\/tourismcan.ca\/wp-content\/uploads\/2025\/09\/CHAN4880-1024x683.jpg\"\n    data-title=\"September 22, 2025: TIAC reception on Parliament Hill. Photo by Dave Chan\">\n\n<img decoding=\"async\" alt=\"September 22, 2025: TIAC reception on Parliament Hill. Photo by Dave Chan\"\n   src=\"https:\/\/tourismcan.ca\/wp-content\/uploads\/2025\/09\/CHAN4889-768x512.jpg\"\n    data-image=\"https:\/\/tourismcan.ca\/wp-content\/uploads\/2025\/09\/CHAN4889-1024x683.jpg\"\n    data-title=\"September 22, 2025: TIAC reception on Parliament Hill. Photo by Dave Chan\">\n\n<img decoding=\"async\" alt=\"September 22, 2025: TIAC reception on Parliament Hill. Photo by Dave Chan\"\n   src=\"https:\/\/tourismcan.ca\/wp-content\/uploads\/2025\/09\/CHAN4901-768x512.jpg\"\n    data-image=\"https:\/\/tourismcan.ca\/wp-content\/uploads\/2025\/09\/CHAN4901-1024x683.jpg\"\n    data-title=\"September 22, 2025: TIAC reception on Parliament Hill. Photo by Dave Chan\">\n\n<img decoding=\"async\" alt=\"September 22, 2025: TIAC reception on Parliament Hill. Photo by Dave Chan\"\n   src=\"https:\/\/tourismcan.ca\/wp-content\/uploads\/2025\/09\/CHAN4908-768x512.jpg\"\n    data-image=\"https:\/\/tourismcan.ca\/wp-content\/uploads\/2025\/09\/CHAN4908-1024x683.jpg\"\n    data-title=\"September 22, 2025: TIAC reception on Parliament Hill. Photo by Dave Chan\">\n\n<img decoding=\"async\" alt=\"September 22, 2025: TIAC reception on Parliament Hill. Photo by Dave Chan\"\n   src=\"https:\/\/tourismcan.ca\/wp-content\/uploads\/2025\/09\/CHAN4910-768x512.jpg\"\n    data-image=\"https:\/\/tourismcan.ca\/wp-content\/uploads\/2025\/09\/CHAN4910-1024x683.jpg\"\n    data-title=\"September 22, 2025: TIAC reception on Parliament Hill. Photo by Dave Chan\">\n\n<img decoding=\"async\" alt=\"September 22, 2025: TIAC reception on Parliament Hill. Photo by Dave Chan\"\n   src=\"https:\/\/tourismcan.ca\/wp-content\/uploads\/2025\/09\/CHAN4913-768x512.jpg\"\n    data-image=\"https:\/\/tourismcan.ca\/wp-content\/uploads\/2025\/09\/CHAN4913-1024x683.jpg\"\n    data-title=\"September 22, 2025: TIAC reception on Parliament Hill. Photo by Dave Chan\">\n\n<img decoding=\"async\" alt=\"September 22, 2025: TIAC reception on Parliament Hill. Photo by Dave Chan\"\n   src=\"https:\/\/tourismcan.ca\/wp-content\/uploads\/2025\/09\/CHAN4915-768x512.jpg\"\n    data-image=\"https:\/\/tourismcan.ca\/wp-content\/uploads\/2025\/09\/CHAN4915-1024x683.jpg\"\n    data-title=\"September 22, 2025: TIAC reception on Parliament Hill. Photo by Dave Chan\">\n\n<img decoding=\"async\" alt=\"September 22, 2025: TIAC reception on Parliament Hill. Photo by Dave Chan\"\n   src=\"https:\/\/tourismcan.ca\/wp-content\/uploads\/2025\/09\/CHAN4916-768x512.jpg\"\n    data-image=\"https:\/\/tourismcan.ca\/wp-content\/uploads\/2025\/09\/CHAN4916-1024x683.jpg\"\n    data-title=\"September 22, 2025: TIAC reception on Parliament Hill. Photo by Dave Chan\">\n\n<img decoding=\"async\" alt=\"September 22, 2025: TIAC reception on Parliament Hill. Photo by Dave Chan\"\n   src=\"https:\/\/tourismcan.ca\/wp-content\/uploads\/2025\/09\/CHAN4917-768x512.jpg\"\n    data-image=\"https:\/\/tourismcan.ca\/wp-content\/uploads\/2025\/09\/CHAN4917-1024x683.jpg\"\n    data-title=\"September 22, 2025: TIAC reception on Parliament Hill. Photo by Dave Chan\">\n\n<img decoding=\"async\" alt=\"September 22, 2025: TIAC reception on Parliament Hill. Photo by Dave Chan\"\n   src=\"https:\/\/tourismcan.ca\/wp-content\/uploads\/2025\/09\/CHAN4918-768x512.jpg\"\n    data-image=\"https:\/\/tourismcan.ca\/wp-content\/uploads\/2025\/09\/CHAN4918-1024x683.jpg\"\n    data-title=\"September 22, 2025: TIAC reception on Parliament Hill. Photo by Dave Chan\">\n\n<img decoding=\"async\" alt=\"September 22, 2025: TIAC reception on Parliament Hill. Photo by Dave Chan\"\n   src=\"https:\/\/tourismcan.ca\/wp-content\/uploads\/2025\/09\/CHAN4930-768x512.jpg\"\n    data-image=\"https:\/\/tourismcan.ca\/wp-content\/uploads\/2025\/09\/CHAN4930-1024x683.jpg\"\n    data-title=\"September 22, 2025: TIAC reception on Parliament Hill. Photo by Dave Chan\">\n\n<img decoding=\"async\" alt=\"September 22, 2025: TIAC reception on Parliament Hill. Photo by Dave Chan\"\n   src=\"https:\/\/tourismcan.ca\/wp-content\/uploads\/2025\/09\/CHAN4941-768x512.jpg\"\n    data-image=\"https:\/\/tourismcan.ca\/wp-content\/uploads\/2025\/09\/CHAN4941-1024x683.jpg\"\n    data-title=\"September 22, 2025: TIAC reception on Parliament Hill. Photo by Dave Chan\">\n\n<img decoding=\"async\" alt=\"September 22, 2025: TIAC reception on Parliament Hill. Photo by Dave Chan\"\n   src=\"https:\/\/tourismcan.ca\/wp-content\/uploads\/2025\/09\/CHAN4944-768x512.jpg\"\n    data-image=\"https:\/\/tourismcan.ca\/wp-content\/uploads\/2025\/09\/CHAN4944-1024x683.jpg\"\n    data-title=\"September 22, 2025: TIAC reception on Parliament Hill. Photo by Dave Chan\">\n\n<img decoding=\"async\" alt=\"September 22, 2025: TIAC reception on Parliament Hill. Photo by Dave Chan\"\n   src=\"https:\/\/tourismcan.ca\/wp-content\/uploads\/2025\/09\/CHAN4945-768x512.jpg\"\n    data-image=\"https:\/\/tourismcan.ca\/wp-content\/uploads\/2025\/09\/CHAN4945-1024x683.jpg\"\n    data-title=\"September 22, 2025: TIAC reception on Parliament Hill. Photo by Dave Chan\">\n\n<img decoding=\"async\" alt=\"September 22, 2025: TIAC reception on Parliament Hill. Photo by Dave Chan\"\n   src=\"https:\/\/tourismcan.ca\/wp-content\/uploads\/2025\/09\/CHAN4946-768x512.jpg\"\n    data-image=\"https:\/\/tourismcan.ca\/wp-content\/uploads\/2025\/09\/CHAN4946-1024x683.jpg\"\n    data-title=\"September 22, 2025: TIAC reception on Parliament Hill. Photo by Dave Chan\">\n\n<img decoding=\"async\" alt=\"September 22, 2025: TIAC reception on Parliament Hill. Photo by Dave Chan\"\n   src=\"https:\/\/tourismcan.ca\/wp-content\/uploads\/2025\/09\/CHAN4975-768x512.jpg\"\n    data-image=\"https:\/\/tourismcan.ca\/wp-content\/uploads\/2025\/09\/CHAN4975-1024x683.jpg\"\n    data-title=\"September 22, 2025: TIAC reception on Parliament Hill. Photo by Dave Chan\">\n\n<img decoding=\"async\" alt=\"September 22, 2025: TIAC reception on Parliament Hill. Photo by Dave Chan\"\n   src=\"https:\/\/tourismcan.ca\/wp-content\/uploads\/2025\/09\/CHAN4978-768x512.jpg\"\n    data-image=\"https:\/\/tourismcan.ca\/wp-content\/uploads\/2025\/09\/CHAN4978-1024x683.jpg\"\n    data-title=\"September 22, 2025: TIAC reception on Parliament Hill. Photo by Dave Chan\">\n\n<img decoding=\"async\" alt=\"September 22, 2025: TIAC reception on Parliament Hill. Photo by Dave Chan\"\n   src=\"https:\/\/tourismcan.ca\/wp-content\/uploads\/2025\/09\/CHAN4985-768x512.jpg\"\n    data-image=\"https:\/\/tourismcan.ca\/wp-content\/uploads\/2025\/09\/CHAN4985-1024x683.jpg\"\n    data-title=\"September 22, 2025: TIAC reception on Parliament Hill. Photo by Dave Chan\">\n\n<img decoding=\"async\" alt=\"September 22, 2025: TIAC reception on Parliament Hill. Photo by Dave Chan\"\n   src=\"https:\/\/tourismcan.ca\/wp-content\/uploads\/2025\/09\/CHAN4997-768x512.jpg\"\n    data-image=\"https:\/\/tourismcan.ca\/wp-content\/uploads\/2025\/09\/CHAN4997-1024x683.jpg\"\n    data-title=\"September 22, 2025: TIAC reception on Parliament Hill. Photo by Dave Chan\">\n\n<img decoding=\"async\" alt=\"September 22, 2025: TIAC reception on Parliament Hill. Photo by Dave Chan\"\n   src=\"https:\/\/tourismcan.ca\/wp-content\/uploads\/2025\/09\/CHAN5033-768x512.jpg\"\n    data-image=\"https:\/\/tourismcan.ca\/wp-content\/uploads\/2025\/09\/CHAN5033-1024x683.jpg\"\n    data-title=\"September 22, 2025: TIAC reception on Parliament Hill. Photo by Dave Chan\">\n\n<img decoding=\"async\" alt=\"September 22, 2025: TIAC reception on Parliament Hill. Photo by Dave Chan\"\n   src=\"https:\/\/tourismcan.ca\/wp-content\/uploads\/2025\/09\/CHAN4754-768x512.jpg\"\n    data-image=\"https:\/\/tourismcan.ca\/wp-content\/uploads\/2025\/09\/CHAN4754-1024x683.jpg\"\n    data-title=\"September 22, 2025: TIAC reception on Parliament Hill. Photo by Dave Chan\">\n\n<img decoding=\"async\" alt=\"September 22, 2025: TIAC reception on Parliament Hill. Photo by Dave Chan\"\n   src=\"https:\/\/tourismcan.ca\/wp-content\/uploads\/2025\/09\/CHAN4761-768x512.jpg\"\n    data-image=\"https:\/\/tourismcan.ca\/wp-content\/uploads\/2025\/09\/CHAN4761-1024x683.jpg\"\n    data-title=\"September 22, 2025: TIAC reception on Parliament Hill. Photo by Dave Chan\">\n\n<img decoding=\"async\" alt=\"September 22, 2025: TIAC reception on Parliament Hill. Photo by Dave Chan\"\n   src=\"https:\/\/tourismcan.ca\/wp-content\/uploads\/2025\/09\/CHAN4763-768x512.jpg\"\n    data-image=\"https:\/\/tourismcan.ca\/wp-content\/uploads\/2025\/09\/CHAN4763-1024x683.jpg\"\n    data-title=\"September 22, 2025: TIAC reception on Parliament Hill. Photo by Dave Chan\">\n\n<img decoding=\"async\" alt=\"September 22, 2025: TIAC reception on Parliament Hill. Photo by Dave Chan\"\n   src=\"https:\/\/tourismcan.ca\/wp-content\/uploads\/2025\/09\/CHAN4775-768x512.jpg\"\n    data-image=\"https:\/\/tourismcan.ca\/wp-content\/uploads\/2025\/09\/CHAN4775-1024x683.jpg\"\n    data-title=\"September 22, 2025: TIAC reception on Parliament Hill. Photo by Dave Chan\">\n\n<img decoding=\"async\" alt=\"September 22, 2025: TIAC reception on Parliament Hill. Photo by Dave Chan\"\n   src=\"https:\/\/tourismcan.ca\/wp-content\/uploads\/2025\/09\/CHAN4790-768x512.jpg\"\n    data-image=\"https:\/\/tourismcan.ca\/wp-content\/uploads\/2025\/09\/CHAN4790-1024x683.jpg\"\n    data-title=\"September 22, 2025: TIAC reception on Parliament Hill. Photo by Dave Chan\">\n\n<img decoding=\"async\" alt=\"September 22, 2025: TIAC reception on Parliament Hill. Photo by Dave Chan\"\n   src=\"https:\/\/tourismcan.ca\/wp-content\/uploads\/2025\/09\/CHAN4792-768x512.jpg\"\n    data-image=\"https:\/\/tourismcan.ca\/wp-content\/uploads\/2025\/09\/CHAN4792-1024x683.jpg\"\n    data-title=\"September 22, 2025: TIAC reception on Parliament Hill. Photo by Dave Chan\">\n\n<img decoding=\"async\" alt=\"September 22, 2025: TIAC reception on Parliament Hill. Photo by Dave Chan\"\n   src=\"https:\/\/tourismcan.ca\/wp-content\/uploads\/2025\/09\/CHAN4795-768x512.jpg\"\n    data-image=\"https:\/\/tourismcan.ca\/wp-content\/uploads\/2025\/09\/CHAN4795-1024x683.jpg\"\n    data-title=\"September 22, 2025: TIAC reception on Parliament Hill. Photo by Dave Chan\">\n\n<img decoding=\"async\" alt=\"September 22, 2025: TIAC reception on Parliament Hill. Photo by Dave Chan\"\n   src=\"https:\/\/tourismcan.ca\/wp-content\/uploads\/2025\/09\/CHAN4796-768x512.jpg\"\n    data-image=\"https:\/\/tourismcan.ca\/wp-content\/uploads\/2025\/09\/CHAN4796-1024x683.jpg\"\n    data-title=\"September 22, 2025: TIAC reception on Parliament Hill. Photo by Dave Chan\">\n\n<img decoding=\"async\" alt=\"September 22, 2025: TIAC reception on Parliament Hill. Photo by Dave Chan\"\n   src=\"https:\/\/tourismcan.ca\/wp-content\/uploads\/2025\/09\/CHAN4800-768x512.jpg\"\n    data-image=\"https:\/\/tourismcan.ca\/wp-content\/uploads\/2025\/09\/CHAN4800-1024x683.jpg\"\n    data-title=\"September 22, 2025: TIAC reception on Parliament Hill. Photo by Dave Chan\">\n\n<img decoding=\"async\" alt=\"September 22, 2025: TIAC reception on Parliament Hill. Photo by Dave Chan\"\n   src=\"https:\/\/tourismcan.ca\/wp-content\/uploads\/2025\/09\/CHAN4802-768x512.jpg\"\n    data-image=\"https:\/\/tourismcan.ca\/wp-content\/uploads\/2025\/09\/CHAN4802-1024x683.jpg\"\n    data-title=\"September 22, 2025: TIAC reception on Parliament Hill. Photo by Dave Chan\">\n\n<img decoding=\"async\" alt=\"September 22, 2025: TIAC reception on Parliament Hill. Photo by Dave Chan\"\n   src=\"https:\/\/tourismcan.ca\/wp-content\/uploads\/2025\/09\/CHAN4806-768x512.jpg\"\n    data-image=\"https:\/\/tourismcan.ca\/wp-content\/uploads\/2025\/09\/CHAN4806-1024x683.jpg\"\n    data-title=\"September 22, 2025: TIAC reception on Parliament Hill. Photo by Dave Chan\">\n\n<img decoding=\"async\" alt=\"September 22, 2025: TIAC reception on Parliament Hill. Photo by Dave Chan\"\n   src=\"https:\/\/tourismcan.ca\/wp-content\/uploads\/2025\/09\/CHAN4807-768x512.jpg\"\n    data-image=\"https:\/\/tourismcan.ca\/wp-content\/uploads\/2025\/09\/CHAN4807-1024x683.jpg\"\n    data-title=\"September 22, 2025: TIAC reception on Parliament Hill. Photo by Dave Chan\">\n\n<img decoding=\"async\" alt=\"September 22, 2025: TIAC reception on Parliament Hill. Photo by Dave Chan\"\n   src=\"https:\/\/tourismcan.ca\/wp-content\/uploads\/2025\/09\/CHAN4808-768x512.jpg\"\n    data-image=\"https:\/\/tourismcan.ca\/wp-content\/uploads\/2025\/09\/CHAN4808-1024x683.jpg\"\n    data-title=\"September 22, 2025: TIAC reception on Parliament Hill. Photo by Dave Chan\">\n\n<img decoding=\"async\" alt=\"September 22, 2025: TIAC reception on Parliament Hill. Photo by Dave Chan\"\n   src=\"https:\/\/tourismcan.ca\/wp-content\/uploads\/2025\/09\/CHAN4819-768x512.jpg\"\n    data-image=\"https:\/\/tourismcan.ca\/wp-content\/uploads\/2025\/09\/CHAN4819-1024x683.jpg\"\n    data-title=\"September 22, 2025: TIAC reception on Parliament Hill. Photo by Dave Chan\">\n\n<img decoding=\"async\" alt=\"September 22, 2025: TIAC reception on Parliament Hill. Photo by Dave Chan\"\n   src=\"https:\/\/tourismcan.ca\/wp-content\/uploads\/2025\/09\/CHAN4821-768x512.jpg\"\n    data-image=\"https:\/\/tourismcan.ca\/wp-content\/uploads\/2025\/09\/CHAN4821-1024x683.jpg\"\n    data-title=\"September 22, 2025: TIAC reception on Parliament Hill. Photo by Dave Chan\">\n\n<img decoding=\"async\" alt=\"September 22, 2025: TIAC reception on Parliament Hill. Photo by Dave Chan\"\n   src=\"https:\/\/tourismcan.ca\/wp-content\/uploads\/2025\/09\/CHAN4829-768x512.jpg\"\n    data-image=\"https:\/\/tourismcan.ca\/wp-content\/uploads\/2025\/09\/CHAN4829-1024x683.jpg\"\n    data-title=\"September 22, 2025: TIAC reception on Parliament Hill. Photo by Dave Chan\">\n\n<img decoding=\"async\" alt=\"September 22, 2025: TIAC reception on Parliament Hill. Photo by Dave Chan\"\n   src=\"https:\/\/tourismcan.ca\/wp-content\/uploads\/2025\/09\/CHAN4834-768x512.jpg\"\n    data-image=\"https:\/\/tourismcan.ca\/wp-content\/uploads\/2025\/09\/CHAN4834-1024x683.jpg\"\n    data-title=\"September 22, 2025: TIAC reception on Parliament Hill. Photo by Dave Chan\">\n\n<img decoding=\"async\" alt=\"September 22, 2025: TIAC reception on Parliament Hill. Photo by Dave Chan\"\n   src=\"https:\/\/tourismcan.ca\/wp-content\/uploads\/2025\/09\/CHAN4836-768x512.jpg\"\n    data-image=\"https:\/\/tourismcan.ca\/wp-content\/uploads\/2025\/09\/CHAN4836-1024x683.jpg\"\n    data-title=\"September 22, 2025: TIAC reception on Parliament Hill. Photo by Dave Chan\">\n\n<img decoding=\"async\" alt=\"September 22, 2025: TIAC reception on Parliament Hill. Photo by Dave Chan\"\n   src=\"https:\/\/tourismcan.ca\/wp-content\/uploads\/2025\/09\/CHAN4841-768x512.jpg\"\n    data-image=\"https:\/\/tourismcan.ca\/wp-content\/uploads\/2025\/09\/CHAN4841-1024x683.jpg\"\n    data-title=\"September 22, 2025: TIAC reception on Parliament Hill. Photo by Dave Chan\">\n\n<img decoding=\"async\" alt=\"September 22, 2025: TIAC reception on Parliament Hill. Photo by Dave Chan\"\n   src=\"https:\/\/tourismcan.ca\/wp-content\/uploads\/2025\/09\/CHAN4843-768x512.jpg\"\n    data-image=\"https:\/\/tourismcan.ca\/wp-content\/uploads\/2025\/09\/CHAN4843-1024x683.jpg\"\n    data-title=\"September 22, 2025: TIAC reception on Parliament Hill. Photo by Dave Chan\">\n\n<img decoding=\"async\" alt=\"September 22, 2025: TIAC reception on Parliament Hill. Photo by Dave Chan\"\n   src=\"https:\/\/tourismcan.ca\/wp-content\/uploads\/2025\/09\/CHAN4847-768x512.jpg\"\n    data-image=\"https:\/\/tourismcan.ca\/wp-content\/uploads\/2025\/09\/CHAN4847-1024x683.jpg\"\n    data-title=\"September 22, 2025: TIAC reception on Parliament Hill. Photo by Dave Chan\">\n\n<img decoding=\"async\" alt=\"September 22, 2025: TIAC reception on Parliament Hill. Photo by Dave Chan\"\n   src=\"https:\/\/tourismcan.ca\/wp-content\/uploads\/2025\/09\/CHAN4855-768x512.jpg\"\n    data-image=\"https:\/\/tourismcan.ca\/wp-content\/uploads\/2025\/09\/CHAN4855-1024x683.jpg\"\n    data-title=\"September 22, 2025: TIAC reception on Parliament Hill. Photo by Dave Chan\">\n\n<img decoding=\"async\" alt=\"September 22, 2025: TIAC reception on Parliament Hill. Photo by Dave Chan\"\n   src=\"https:\/\/tourismcan.ca\/wp-content\/uploads\/2025\/09\/CHAN4861-768x512.jpg\"\n    data-image=\"https:\/\/tourismcan.ca\/wp-content\/uploads\/2025\/09\/CHAN4861-1024x683.jpg\"\n    data-title=\"September 22, 2025: TIAC reception on Parliament Hill. Photo by Dave Chan\">\n\n<img decoding=\"async\" alt=\"September 22, 2025: TIAC reception on Parliament Hill. Photo by Dave Chan\"\n   src=\"https:\/\/tourismcan.ca\/wp-content\/uploads\/2025\/09\/CHAN4659-768x512.jpg\"\n    data-image=\"https:\/\/tourismcan.ca\/wp-content\/uploads\/2025\/09\/CHAN4659-1024x683.jpg\"\n    data-title=\"September 22, 2025: TIAC reception on Parliament Hill. Photo by Dave Chan\">\n\n<img decoding=\"async\" alt=\"September 22, 2025: TIAC reception on Parliament Hill. Photo by Dave Chan\"\n   src=\"https:\/\/tourismcan.ca\/wp-content\/uploads\/2025\/09\/CHAN4663-768x512.jpg\"\n    data-image=\"https:\/\/tourismcan.ca\/wp-content\/uploads\/2025\/09\/CHAN4663-1024x683.jpg\"\n    data-title=\"September 22, 2025: TIAC reception on Parliament Hill. Photo by Dave Chan\">\n\n<img decoding=\"async\" alt=\"September 22, 2025: TIAC reception on Parliament Hill. Photo by Dave Chan\"\n   src=\"https:\/\/tourismcan.ca\/wp-content\/uploads\/2025\/09\/CHAN4669-768x512.jpg\"\n    data-image=\"https:\/\/tourismcan.ca\/wp-content\/uploads\/2025\/09\/CHAN4669-1024x683.jpg\"\n    data-title=\"September 22, 2025: TIAC reception on Parliament Hill. Photo by Dave Chan\">\n\n<img decoding=\"async\" alt=\"September 22, 2025: TIAC reception on Parliament Hill. Photo by Dave Chan\"\n   src=\"https:\/\/tourismcan.ca\/wp-content\/uploads\/2025\/09\/CHAN4670-768x512.jpg\"\n    data-image=\"https:\/\/tourismcan.ca\/wp-content\/uploads\/2025\/09\/CHAN4670-1024x683.jpg\"\n    data-title=\"September 22, 2025: TIAC reception on Parliament Hill. Photo by Dave Chan\">\n\n<img decoding=\"async\" alt=\"September 22, 2025: TIAC reception on Parliament Hill. Photo by Dave Chan\"\n   src=\"https:\/\/tourismcan.ca\/wp-content\/uploads\/2025\/09\/CHAN4672-768x512.jpg\"\n    data-image=\"https:\/\/tourismcan.ca\/wp-content\/uploads\/2025\/09\/CHAN4672-1024x683.jpg\"\n    data-title=\"September 22, 2025: TIAC reception on Parliament Hill. Photo by Dave Chan\">\n\n<img decoding=\"async\" alt=\"September 22, 2025: TIAC reception on Parliament Hill. Photo by Dave Chan\"\n   src=\"https:\/\/tourismcan.ca\/wp-content\/uploads\/2025\/09\/CHAN4677-768x512.jpg\"\n    data-image=\"https:\/\/tourismcan.ca\/wp-content\/uploads\/2025\/09\/CHAN4677-1024x683.jpg\"\n    data-title=\"September 22, 2025: TIAC reception on Parliament Hill. Photo by Dave Chan\">\n\n<img decoding=\"async\" alt=\"September 22, 2025: TIAC reception on Parliament Hill. Photo by Dave Chan\"\n   src=\"https:\/\/tourismcan.ca\/wp-content\/uploads\/2025\/09\/CHAN4678-768x512.jpg\"\n    data-image=\"https:\/\/tourismcan.ca\/wp-content\/uploads\/2025\/09\/CHAN4678-1024x683.jpg\"\n    data-title=\"September 22, 2025: TIAC reception on Parliament Hill. Photo by Dave Chan\">\n\n<img decoding=\"async\" alt=\"September 22, 2025: TIAC reception on Parliament Hill. Photo by Dave Chan\"\n   src=\"https:\/\/tourismcan.ca\/wp-content\/uploads\/2025\/09\/CHAN4679-768x512.jpg\"\n    data-image=\"https:\/\/tourismcan.ca\/wp-content\/uploads\/2025\/09\/CHAN4679-1024x683.jpg\"\n    data-title=\"September 22, 2025: TIAC reception on Parliament Hill. Photo by Dave Chan\">\n\n<img decoding=\"async\" alt=\"September 22, 2025: TIAC reception on Parliament Hill. Photo by Dave Chan\"\n   src=\"https:\/\/tourismcan.ca\/wp-content\/uploads\/2025\/09\/CHAN4680-768x512.jpg\"\n    data-image=\"https:\/\/tourismcan.ca\/wp-content\/uploads\/2025\/09\/CHAN4680-1024x683.jpg\"\n    data-title=\"September 22, 2025: TIAC reception on Parliament Hill. Photo by Dave Chan\">\n\n<img decoding=\"async\" alt=\"September 22, 2025: TIAC reception on Parliament Hill. Photo by Dave Chan\"\n   src=\"https:\/\/tourismcan.ca\/wp-content\/uploads\/2025\/09\/CHAN4682-768x512.jpg\"\n    data-image=\"https:\/\/tourismcan.ca\/wp-content\/uploads\/2025\/09\/CHAN4682-1024x683.jpg\"\n    data-title=\"September 22, 2025: TIAC reception on Parliament Hill. Photo by Dave Chan\">\n\n<img decoding=\"async\" alt=\"September 22, 2025: TIAC reception on Parliament Hill. Photo by Dave Chan\"\n   src=\"https:\/\/tourismcan.ca\/wp-content\/uploads\/2025\/09\/CHAN4684-768x512.jpg\"\n    data-image=\"https:\/\/tourismcan.ca\/wp-content\/uploads\/2025\/09\/CHAN4684-1024x683.jpg\"\n    data-title=\"September 22, 2025: TIAC reception on Parliament Hill. Photo by Dave Chan\">\n\n<img decoding=\"async\" alt=\"September 22, 2025: TIAC reception on Parliament Hill. Photo by Dave Chan\"\n   src=\"https:\/\/tourismcan.ca\/wp-content\/uploads\/2025\/09\/CHAN4690-768x512.jpg\"\n    data-image=\"https:\/\/tourismcan.ca\/wp-content\/uploads\/2025\/09\/CHAN4690-1024x683.jpg\"\n    data-title=\"September 22, 2025: TIAC reception on Parliament Hill. Photo by Dave Chan\">\n\n<img decoding=\"async\" alt=\"September 22, 2025: TIAC reception on Parliament Hill. Photo by Dave Chan\"\n   src=\"https:\/\/tourismcan.ca\/wp-content\/uploads\/2025\/09\/CHAN4707-768x512.jpg\"\n    data-image=\"https:\/\/tourismcan.ca\/wp-content\/uploads\/2025\/09\/CHAN4707-1024x683.jpg\"\n    data-title=\"September 22, 2025: TIAC reception on Parliament Hill. Photo by Dave Chan\">\n\n<img decoding=\"async\" alt=\"September 22, 2025: TIAC reception on Parliament Hill. Photo by Dave Chan\"\n   src=\"https:\/\/tourismcan.ca\/wp-content\/uploads\/2025\/09\/CHAN4708-768x512.jpg\"\n    data-image=\"https:\/\/tourismcan.ca\/wp-content\/uploads\/2025\/09\/CHAN4708-1024x683.jpg\"\n    data-title=\"September 22, 2025: TIAC reception on Parliament Hill. Photo by Dave Chan\">\n\n<img decoding=\"async\" alt=\"September 22, 2025: TIAC reception on Parliament Hill. Photo by Dave Chan\"\n   src=\"https:\/\/tourismcan.ca\/wp-content\/uploads\/2025\/09\/CHAN4720-768x512.jpg\"\n    data-image=\"https:\/\/tourismcan.ca\/wp-content\/uploads\/2025\/09\/CHAN4720-1024x683.jpg\"\n    data-title=\"September 22, 2025: TIAC reception on Parliament Hill. Photo by Dave Chan\">\n\n<img decoding=\"async\" alt=\"September 22, 2025: TIAC reception on Parliament Hill. Photo by Dave Chan\"\n   src=\"https:\/\/tourismcan.ca\/wp-content\/uploads\/2025\/09\/CHAN4722-768x512.jpg\"\n    data-image=\"https:\/\/tourismcan.ca\/wp-content\/uploads\/2025\/09\/CHAN4722-1024x683.jpg\"\n    data-title=\"September 22, 2025: TIAC reception on Parliament Hill. Photo by Dave Chan\">\n\n<img decoding=\"async\" alt=\"September 22, 2025: TIAC reception on Parliament Hill. Photo by Dave Chan\"\n   src=\"https:\/\/tourismcan.ca\/wp-content\/uploads\/2025\/09\/CHAN4726-768x512.jpg\"\n    data-image=\"https:\/\/tourismcan.ca\/wp-content\/uploads\/2025\/09\/CHAN4726-1024x683.jpg\"\n    data-title=\"September 22, 2025: TIAC reception on Parliament Hill. Photo by Dave Chan\">\n\n<img decoding=\"async\" alt=\"September 22, 2025: TIAC reception on Parliament Hill. Photo by Dave Chan\"\n   src=\"https:\/\/tourismcan.ca\/wp-content\/uploads\/2025\/09\/CHAN4728-768x512.jpg\"\n    data-image=\"https:\/\/tourismcan.ca\/wp-content\/uploads\/2025\/09\/CHAN4728-1024x683.jpg\"\n    data-title=\"September 22, 2025: TIAC reception on Parliament Hill. Photo by Dave Chan\">\n\n<img decoding=\"async\" alt=\"September 22, 2025: TIAC reception on Parliament Hill. Photo by Dave Chan\"\n   src=\"https:\/\/tourismcan.ca\/wp-content\/uploads\/2025\/09\/CHAN4731-768x512.jpg\"\n    data-image=\"https:\/\/tourismcan.ca\/wp-content\/uploads\/2025\/09\/CHAN4731-1024x683.jpg\"\n    data-title=\"September 22, 2025: TIAC reception on Parliament Hill. Photo by Dave Chan\">\n\n<img decoding=\"async\" alt=\"September 22, 2025: TIAC reception on Parliament Hill. Photo by Dave Chan\"\n   src=\"https:\/\/tourismcan.ca\/wp-content\/uploads\/2025\/09\/CHAN4732-768x512.jpg\"\n    data-image=\"https:\/\/tourismcan.ca\/wp-content\/uploads\/2025\/09\/CHAN4732-1024x683.jpg\"\n    data-title=\"September 22, 2025: TIAC reception on Parliament Hill. Photo by Dave Chan\">\n\n<img decoding=\"async\" alt=\"September 22, 2025: TIAC reception on Parliament Hill. Photo by Dave Chan\"\n   src=\"https:\/\/tourismcan.ca\/wp-content\/uploads\/2025\/09\/CHAN4742-768x512.jpg\"\n    data-image=\"https:\/\/tourismcan.ca\/wp-content\/uploads\/2025\/09\/CHAN4742-1024x683.jpg\"\n    data-title=\"September 22, 2025: TIAC reception on Parliament Hill. Photo by Dave Chan\">\n\n<img decoding=\"async\" alt=\"September 22, 2025: TIAC reception on Parliament Hill. Photo by Dave Chan\"\n   src=\"https:\/\/tourismcan.ca\/wp-content\/uploads\/2025\/09\/CHAN4747-768x512.jpg\"\n    data-image=\"https:\/\/tourismcan.ca\/wp-content\/uploads\/2025\/09\/CHAN4747-1024x683.jpg\"\n    data-title=\"September 22, 2025: TIAC reception on Parliament Hill. Photo by Dave Chan\">\n\n<img decoding=\"async\" alt=\"September 22, 2025: TIAC reception on Parliament Hill. Photo by Dave Chan\"\n   src=\"https:\/\/tourismcan.ca\/wp-content\/uploads\/2025\/09\/CHAN4752-768x512.jpg\"\n    data-image=\"https:\/\/tourismcan.ca\/wp-content\/uploads\/2025\/09\/CHAN4752-1024x683.jpg\"\n    data-title=\"September 22, 2025: TIAC reception on Parliament Hill. Photo by Dave Chan\">\n\n<img decoding=\"async\" alt=\"September 22, 2025: TIAC reception on Parliament Hill. Photo by Dave Chan\"\n   src=\"https:\/\/tourismcan.ca\/wp-content\/uploads\/2025\/09\/CHAN4753-768x512.jpg\"\n    data-image=\"https:\/\/tourismcan.ca\/wp-content\/uploads\/2025\/09\/CHAN4753-1024x683.jpg\"\n    data-title=\"September 22, 2025: TIAC reception on Parliament Hill. Photo by Dave Chan\">\n\n<img decoding=\"async\" alt=\"September 22, 2025: TIAC reception on Parliament Hill. Photo by Dave Chan\"\n   src=\"https:\/\/tourismcan.ca\/wp-content\/uploads\/2025\/09\/CHAN4578-768x512.jpg\"\n    data-image=\"https:\/\/tourismcan.ca\/wp-content\/uploads\/2025\/09\/CHAN4578-1024x683.jpg\"\n    data-title=\"September 22, 2025: TIAC reception on Parliament Hill. Photo by Dave Chan\">\n\n<img decoding=\"async\" alt=\"September 22, 2025: TIAC reception on Parliament Hill. Photo by Dave Chan\"\n   src=\"https:\/\/tourismcan.ca\/wp-content\/uploads\/2025\/09\/CHAN4579-768x512.jpg\"\n    data-image=\"https:\/\/tourismcan.ca\/wp-content\/uploads\/2025\/09\/CHAN4579-1024x683.jpg\"\n    data-title=\"September 22, 2025: TIAC reception on Parliament Hill. Photo by Dave Chan\">\n\n<img decoding=\"async\" alt=\"September 22, 2025: TIAC reception on Parliament Hill. Photo by Dave Chan\"\n   src=\"https:\/\/tourismcan.ca\/wp-content\/uploads\/2025\/09\/CHAN4584-768x512.jpg\"\n    data-image=\"https:\/\/tourismcan.ca\/wp-content\/uploads\/2025\/09\/CHAN4584-1024x683.jpg\"\n    data-title=\"September 22, 2025: TIAC reception on Parliament Hill. Photo by Dave Chan\">\n\n<img decoding=\"async\" alt=\"September 22, 2025: TIAC reception on Parliament Hill. Photo by Dave Chan\"\n   src=\"https:\/\/tourismcan.ca\/wp-content\/uploads\/2025\/09\/CHAN4585-768x512.jpg\"\n    data-image=\"https:\/\/tourismcan.ca\/wp-content\/uploads\/2025\/09\/CHAN4585-1024x683.jpg\"\n    data-title=\"September 22, 2025: TIAC reception on Parliament Hill. Photo by Dave Chan\">\n\n<img decoding=\"async\" alt=\"September 22, 2025: TIAC reception on Parliament Hill. Photo by Dave Chan\"\n   src=\"https:\/\/tourismcan.ca\/wp-content\/uploads\/2025\/09\/CHAN4599-768x512.jpg\"\n    data-image=\"https:\/\/tourismcan.ca\/wp-content\/uploads\/2025\/09\/CHAN4599-1024x683.jpg\"\n    data-title=\"September 22, 2025: TIAC reception on Parliament Hill. Photo by Dave Chan\">\n\n<img decoding=\"async\" alt=\"September 22, 2025: TIAC reception on Parliament Hill. Photo by Dave Chan\"\n   src=\"https:\/\/tourismcan.ca\/wp-content\/uploads\/2025\/09\/CHAN4600-768x512.jpg\"\n    data-image=\"https:\/\/tourismcan.ca\/wp-content\/uploads\/2025\/09\/CHAN4600-1024x683.jpg\"\n    data-title=\"September 22, 2025: TIAC reception on Parliament Hill. Photo by Dave Chan\">\n\n<img decoding=\"async\" alt=\"September 22, 2025: TIAC reception on Parliament Hill. Photo by Dave Chan\"\n   src=\"https:\/\/tourismcan.ca\/wp-content\/uploads\/2025\/09\/CHAN4602-768x512.jpg\"\n    data-image=\"https:\/\/tourismcan.ca\/wp-content\/uploads\/2025\/09\/CHAN4602-1024x683.jpg\"\n    data-title=\"September 22, 2025: TIAC reception on Parliament Hill. Photo by Dave Chan\">\n\n<img decoding=\"async\" alt=\"September 22, 2025: TIAC reception on Parliament Hill. Photo by Dave Chan\"\n   src=\"https:\/\/tourismcan.ca\/wp-content\/uploads\/2025\/09\/CHAN4611-768x512.jpg\"\n    data-image=\"https:\/\/tourismcan.ca\/wp-content\/uploads\/2025\/09\/CHAN4611-1024x683.jpg\"\n    data-title=\"September 22, 2025: TIAC reception on Parliament Hill. Photo by Dave Chan\">\n\n<img decoding=\"async\" alt=\"September 22, 2025: TIAC reception on Parliament Hill. Photo by Dave Chan\"\n   src=\"https:\/\/tourismcan.ca\/wp-content\/uploads\/2025\/09\/CHAN4614-768x512.jpg\"\n    data-image=\"https:\/\/tourismcan.ca\/wp-content\/uploads\/2025\/09\/CHAN4614-1024x683.jpg\"\n    data-title=\"September 22, 2025: TIAC reception on Parliament Hill. Photo by Dave Chan\">\n\n<img decoding=\"async\" alt=\"September 22, 2025: TIAC reception on Parliament Hill. Photo by Dave Chan\"\n   src=\"https:\/\/tourismcan.ca\/wp-content\/uploads\/2025\/09\/CHAN4620-768x512.jpg\"\n    data-image=\"https:\/\/tourismcan.ca\/wp-content\/uploads\/2025\/09\/CHAN4620-1024x683.jpg\"\n    data-title=\"September 22, 2025: TIAC reception on Parliament Hill. Photo by Dave Chan\">\n\n<img decoding=\"async\" alt=\"September 22, 2025: TIAC reception on Parliament Hill. Photo by Dave Chan\"\n   src=\"https:\/\/tourismcan.ca\/wp-content\/uploads\/2025\/09\/CHAN4621-768x512.jpg\"\n    data-image=\"https:\/\/tourismcan.ca\/wp-content\/uploads\/2025\/09\/CHAN4621-1024x683.jpg\"\n    data-title=\"September 22, 2025: TIAC reception on Parliament Hill. Photo by Dave Chan\">\n\n<img decoding=\"async\" alt=\"September 22, 2025: TIAC reception on Parliament Hill. Photo by Dave Chan\"\n   src=\"https:\/\/tourismcan.ca\/wp-content\/uploads\/2025\/09\/CHAN4626-768x512.jpg\"\n    data-image=\"https:\/\/tourismcan.ca\/wp-content\/uploads\/2025\/09\/CHAN4626-1024x683.jpg\"\n    data-title=\"September 22, 2025: TIAC reception on Parliament Hill. Photo by Dave Chan\">\n\n<img decoding=\"async\" alt=\"September 22, 2025: TIAC reception on Parliament Hill. Photo by Dave Chan\"\n   src=\"https:\/\/tourismcan.ca\/wp-content\/uploads\/2025\/09\/CHAN4636-768x512.jpg\"\n    data-image=\"https:\/\/tourismcan.ca\/wp-content\/uploads\/2025\/09\/CHAN4636-1024x683.jpg\"\n    data-title=\"September 22, 2025: TIAC reception on Parliament Hill. Photo by Dave Chan\">\n\n<img decoding=\"async\" alt=\"September 22, 2025: TIAC reception on Parliament Hill. Photo by Dave Chan\"\n   src=\"https:\/\/tourismcan.ca\/wp-content\/uploads\/2025\/09\/CHAN4639-768x512.jpg\"\n    data-image=\"https:\/\/tourismcan.ca\/wp-content\/uploads\/2025\/09\/CHAN4639-1024x683.jpg\"\n    data-title=\"September 22, 2025: TIAC reception on Parliament Hill. Photo by Dave Chan\">\n\n<img decoding=\"async\" alt=\"September 22, 2025: TIAC reception on Parliament Hill. Photo by Dave Chan\"\n   src=\"https:\/\/tourismcan.ca\/wp-content\/uploads\/2025\/09\/CHAN4650-768x512.jpg\"\n    data-image=\"https:\/\/tourismcan.ca\/wp-content\/uploads\/2025\/09\/CHAN4650-1024x683.jpg\"\n    data-title=\"September 22, 2025: TIAC reception on Parliament Hill. Photo by Dave Chan\">\n\n<img decoding=\"async\" alt=\"September 22, 2025: TIAC reception on Parliament Hill. Photo by Dave Chan\"\n   src=\"https:\/\/tourismcan.ca\/wp-content\/uploads\/2025\/09\/CHAN4652-768x512.jpg\"\n    data-image=\"https:\/\/tourismcan.ca\/wp-content\/uploads\/2025\/09\/CHAN4652-1024x683.jpg\"\n    data-title=\"September 22, 2025: TIAC reception on Parliament Hill. Photo by Dave Chan\">\n\n<img decoding=\"async\" alt=\"September 22, 2025: TIAC reception on Parliament Hill. Photo by Dave Chan\"\n   src=\"https:\/\/tourismcan.ca\/wp-content\/uploads\/2025\/09\/CHAN4655-768x512.jpg\"\n    data-image=\"https:\/\/tourismcan.ca\/wp-content\/uploads\/2025\/09\/CHAN4655-1024x683.jpg\"\n    data-title=\"September 22, 2025: TIAC reception on Parliament Hill. Photo by Dave Chan\">\n\n<img decoding=\"async\" alt=\"September 22, 2025: TIAC reception on Parliament Hill. Photo by Dave Chan\"\n   src=\"https:\/\/tourismcan.ca\/wp-content\/uploads\/2025\/09\/CHAN4500-768x512.jpg\"\n    data-image=\"https:\/\/tourismcan.ca\/wp-content\/uploads\/2025\/09\/CHAN4500-1024x683.jpg\"\n    data-title=\"September 22, 2025: TIAC reception on Parliament Hill. Photo by Dave Chan\">\n\n<img decoding=\"async\" alt=\"September 22, 2025: TIAC reception on Parliament Hill. Photo by Dave Chan\"\n   src=\"https:\/\/tourismcan.ca\/wp-content\/uploads\/2025\/09\/CHAN4505-768x512.jpg\"\n    data-image=\"https:\/\/tourismcan.ca\/wp-content\/uploads\/2025\/09\/CHAN4505-1024x683.jpg\"\n    data-title=\"September 22, 2025: TIAC reception on Parliament Hill. Photo by Dave Chan\">\n\n<img decoding=\"async\" alt=\"September 22, 2025: TIAC reception on Parliament Hill. Photo by Dave Chan\"\n   src=\"https:\/\/tourismcan.ca\/wp-content\/uploads\/2025\/09\/CHAN4507-768x512.jpg\"\n    data-image=\"https:\/\/tourismcan.ca\/wp-content\/uploads\/2025\/09\/CHAN4507-1024x683.jpg\"\n    data-title=\"September 22, 2025: TIAC reception on Parliament Hill. Photo by Dave Chan\">\n\n<img decoding=\"async\" alt=\"September 22, 2025: TIAC reception on Parliament Hill. Photo by Dave Chan\"\n   src=\"https:\/\/tourismcan.ca\/wp-content\/uploads\/2025\/09\/CHAN4509-768x512.jpg\"\n    data-image=\"https:\/\/tourismcan.ca\/wp-content\/uploads\/2025\/09\/CHAN4509-1024x683.jpg\"\n    data-title=\"September 22, 2025: TIAC reception on Parliament Hill. Photo by Dave Chan\">\n\n<img decoding=\"async\" alt=\"September 22, 2025: TIAC reception on Parliament Hill. Photo by Dave Chan\"\n   src=\"https:\/\/tourismcan.ca\/wp-content\/uploads\/2025\/09\/CHAN4510-768x512.jpg\"\n    data-image=\"https:\/\/tourismcan.ca\/wp-content\/uploads\/2025\/09\/CHAN4510-1024x683.jpg\"\n    data-title=\"September 22, 2025: TIAC reception on Parliament Hill. Photo by Dave Chan\">\n\n<img decoding=\"async\" alt=\"September 22, 2025: TIAC reception on Parliament Hill. Photo by Dave Chan\"\n   src=\"https:\/\/tourismcan.ca\/wp-content\/uploads\/2025\/09\/CHAN4522-768x512.jpg\"\n    data-image=\"https:\/\/tourismcan.ca\/wp-content\/uploads\/2025\/09\/CHAN4522-1024x683.jpg\"\n    data-title=\"September 22, 2025: TIAC reception on Parliament Hill. Photo by Dave Chan\">\n\n<img decoding=\"async\" alt=\"September 22, 2025: TIAC reception on Parliament Hill. Photo by Dave Chan\"\n   src=\"https:\/\/tourismcan.ca\/wp-content\/uploads\/2025\/09\/CHAN4526-768x512.jpg\"\n    data-image=\"https:\/\/tourismcan.ca\/wp-content\/uploads\/2025\/09\/CHAN4526-1024x683.jpg\"\n    data-title=\"September 22, 2025: TIAC reception on Parliament Hill. Photo by Dave Chan\">\n\n<img decoding=\"async\" alt=\"September 22, 2025: TIAC reception on Parliament Hill. Photo by Dave Chan\"\n   src=\"https:\/\/tourismcan.ca\/wp-content\/uploads\/2025\/09\/CHAN4566-768x512.jpg\"\n    data-image=\"https:\/\/tourismcan.ca\/wp-content\/uploads\/2025\/09\/CHAN4566-1024x683.jpg\"\n    data-title=\"September 22, 2025: TIAC reception on Parliament Hill. Photo by Dave Chan\">\n\n<img decoding=\"async\" alt=\"September 22, 2025: TIAC reception on Parliament Hill. Photo by Dave Chan\"\n   src=\"https:\/\/tourismcan.ca\/wp-content\/uploads\/2025\/09\/CHAN4565-768x512.jpg\"\n    data-image=\"https:\/\/tourismcan.ca\/wp-content\/uploads\/2025\/09\/CHAN4565-1024x683.jpg\"\n    data-title=\"September 22, 2025: TIAC reception on Parliament Hill. Photo by Dave Chan\">\n\n<img decoding=\"async\" alt=\"September 22, 2025: TIAC reception on Parliament Hill. Photo by Dave Chan\"\n   src=\"https:\/\/tourismcan.ca\/wp-content\/uploads\/2025\/09\/CHAN4563-768x512.jpg\"\n    data-image=\"https:\/\/tourismcan.ca\/wp-content\/uploads\/2025\/09\/CHAN4563-1024x683.jpg\"\n    data-title=\"September 22, 2025: TIAC reception on Parliament Hill. Photo by Dave Chan\">\n\n<img decoding=\"async\" alt=\"September 22, 2025: TIAC reception on Parliament Hill. Photo by Dave Chan\"\n   src=\"https:\/\/tourismcan.ca\/wp-content\/uploads\/2025\/09\/CHAN4561-768x512.jpg\"\n    data-image=\"https:\/\/tourismcan.ca\/wp-content\/uploads\/2025\/09\/CHAN4561-1024x683.jpg\"\n    data-title=\"September 22, 2025: TIAC reception on Parliament Hill. Photo by Dave Chan\">\n\n<img decoding=\"async\" alt=\"September 22, 2025: TIAC reception on Parliament Hill. Photo by Dave Chan\"\n   src=\"https:\/\/tourismcan.ca\/wp-content\/uploads\/2025\/09\/CHAN4556-768x512.jpg\"\n    data-image=\"https:\/\/tourismcan.ca\/wp-content\/uploads\/2025\/09\/CHAN4556-1024x683.jpg\"\n    data-title=\"September 22, 2025: TIAC reception on Parliament Hill. Photo by Dave Chan\">\n\n<img decoding=\"async\" alt=\"September 22, 2025: TIAC reception on Parliament Hill. Photo by Dave Chan\"\n   src=\"https:\/\/tourismcan.ca\/wp-content\/uploads\/2025\/09\/CHAN4555-768x512.jpg\"\n    data-image=\"https:\/\/tourismcan.ca\/wp-content\/uploads\/2025\/09\/CHAN4555-1024x683.jpg\"\n    data-title=\"September 22, 2025: TIAC reception on Parliament Hill. Photo by Dave Chan\">\n\n<img decoding=\"async\" alt=\"September 22, 2025: TIAC reception on Parliament Hill. Photo by Dave Chan\"\n   src=\"https:\/\/tourismcan.ca\/wp-content\/uploads\/2025\/09\/CHAN4551-768x512.jpg\"\n    data-image=\"https:\/\/tourismcan.ca\/wp-content\/uploads\/2025\/09\/CHAN4551-1024x683.jpg\"\n    data-title=\"September 22, 2025: TIAC reception on Parliament Hill. Photo by Dave Chan\">\n\n<img decoding=\"async\" alt=\"September 22, 2025: TIAC reception on Parliament Hill. Photo by Dave Chan\"\n   src=\"https:\/\/tourismcan.ca\/wp-content\/uploads\/2025\/09\/CHAN4549-768x512.jpg\"\n    data-image=\"https:\/\/tourismcan.ca\/wp-content\/uploads\/2025\/09\/CHAN4549-1024x683.jpg\"\n    data-title=\"September 22, 2025: TIAC reception on Parliament Hill. Photo by Dave Chan\">\n\n<img decoding=\"async\" alt=\"September 22, 2025: TIAC reception on Parliament Hill. Photo by Dave Chan\"\n   src=\"https:\/\/tourismcan.ca\/wp-content\/uploads\/2025\/09\/CHAN4539-768x512.jpg\"\n    data-image=\"https:\/\/tourismcan.ca\/wp-content\/uploads\/2025\/09\/CHAN4539-1024x683.jpg\"\n    data-title=\"September 22, 2025: TIAC reception on Parliament Hill. Photo by Dave Chan\">\n\n<img decoding=\"async\" alt=\"September 22, 2025: TIAC reception on Parliament Hill. Photo by Dave Chan\"\n   src=\"https:\/\/tourismcan.ca\/wp-content\/uploads\/2025\/09\/CHAN4536-768x512.jpg\"\n    data-image=\"https:\/\/tourismcan.ca\/wp-content\/uploads\/2025\/09\/CHAN4536-1024x683.jpg\"\n    data-title=\"September 22, 2025: TIAC reception on Parliament Hill. Photo by Dave Chan\">\n\n<img decoding=\"async\" alt=\"September 22, 2025: TIAC reception on Parliament Hill. Photo by Dave Chan\"\n   src=\"https:\/\/tourismcan.ca\/wp-content\/uploads\/2025\/09\/CHAN4531-768x512.jpg\"\n    data-image=\"https:\/\/tourismcan.ca\/wp-content\/uploads\/2025\/09\/CHAN4531-1024x683.jpg\"\n    data-title=\"September 22, 2025: TIAC reception on Parliament Hill. Photo by Dave Chan\">\n\n  \n<\/div>\n<\/div>\n<!-- end Slider Gallery -->\t\t\t\t<\/div>\n\t\t\t\t<\/div>\n\t\t\t\t\t<\/div>\n\t\t\t\t<\/div>\n\t\t\t\t<\/div>","protected":false},"excerpt":{"rendered":"<p>On September 22, 2025, the Tourism Industry Association of Canada (TIAC), together with our provincial and territorial partners, hosted One Hill of a Party on Parliament Hill. This special evening brought Parliamentarians, staff, and industry leaders together to celebrate the strength and diversity of Canada\u2019s tourism industry.\u00a0 The reception gave Parliamentarians the chance to see [&hellip;]<\/p>\n","protected":false},"author":1,"featured_media":0,"comment_status":"closed","ping_status":"closed","sticky":false,"template":"","format":"standard","meta":{"_acf_changed":false,"footnotes":""},"categories":[14],"tags":[],"class_list":["post-8716","post","type-post","status-publish","format-standard","hentry","category-news-release"],"acf":[],"_links":{"self":[{"href":"https:\/\/tourismcan.ca\/fr\/wp-json\/wp\/v2\/posts\/8716","targetHints":{"allow":["GET"]}}],"collection":[{"href":"https:\/\/tourismcan.ca\/fr\/wp-json\/wp\/v2\/posts"}],"about":[{"href":"https:\/\/tourismcan.ca\/fr\/wp-json\/wp\/v2\/types\/post"}],"author":[{"embeddable":true,"href":"https:\/\/tourismcan.ca\/fr\/wp-json\/wp\/v2\/users\/1"}],"replies":[{"embeddable":true,"href":"https:\/\/tourismcan.ca\/fr\/wp-json\/wp\/v2\/comments?post=8716"}],"version-history":[{"count":4,"href":"https:\/\/tourismcan.ca\/fr\/wp-json\/wp\/v2\/posts\/8716\/revisions"}],"predecessor-version":[{"id":8720,"href":"https:\/\/tourismcan.ca\/fr\/wp-json\/wp\/v2\/posts\/8716\/revisions\/8720"}],"wp:attachment":[{"href":"https:\/\/tourismcan.ca\/fr\/wp-json\/wp\/v2\/media?parent=8716"}],"wp:term":[{"taxonomy":"category","embeddable":true,"href":"https:\/\/tourismcan.ca\/fr\/wp-json\/wp\/v2\/categories?post=8716"},{"taxonomy":"post_tag","embeddable":true,"href":"https:\/\/tourismcan.ca\/fr\/wp-json\/wp\/v2\/tags?post=8716"}],"curies":[{"name":"wp","href":"https:\/\/api.w.org\/{rel}","templated":true}]}}